{"id":2490,"date":"2024-10-18T16:41:00","date_gmt":"2024-10-18T23:41:00","guid":{"rendered":"https:\/\/evwra.org\/?p=2490"},"modified":"2024-10-18T16:41:00","modified_gmt":"2024-10-18T23:41:00","slug":"gabriela-jilkova-og-marta-garcia-tester-porsche-99x-electric","status":"publish","type":"post","link":"https:\/\/evwra.org\/da\/2024\/10\/18\/gabriela-jilkova-og-marta-garcia-tester-porsche-99x-electric\/","title":{"rendered":"Gabriela J\u00edlkov\u00e1 og Marta Garc\u00eda tester Porsche 99X Electric"},"content":{"rendered":"<p>Porsche har udn\u00e6vnt Gabriela J\u00edlkov\u00e1 og Marta Garc\u00eda til at pr\u00f8vek\u00f8re Porsche 99X Electric. Deres optr\u00e6den er en del af den officielle Formel E-testplan f\u00f8r s\u00e6sonen i Valencia, Spanien, i begyndelsen af november.<\/p>\n<p>Det helelektriske verdensmesterskab dedikerer en del af testen til kvindelige k\u00f8rere - for at fremme kvinder i global elitemotorsport. J\u00edlkov\u00e1 fra Tjekkiet vil slutte sig til spanske Garc\u00eda, som er en del af Iron Dames-holdet. Det succesfulde pink racing-projekt konkurrerer ogs\u00e5 om at styrke kvinder i motorsport.<\/p>\n<p>Den dedikerede session for kvindelige k\u00f8rere vil blive afholdt mellem 14:00 og 17:00 den 7. november. Det er den f\u00f8rste af sin slags i et mesterskab, der er organiseret af motorsportens styrende organ, FIA. Den innovative Formel E-serie \u00f8nsker at fjerne forhindringer for kvinder i deres sport og give dem mulighed for at bevise deres v\u00e6rd. Initiativet i Valencia vil se op til 22 kvinder overtage styringen af bilerne fra 11 verdensmesterskabshold.<\/p>\n<p><strong><img fetchpriority=\"high\" decoding=\"async\" data-attachment-id=\"2491\" data-permalink=\"https:\/\/evwra.org\/da\/2024\/10\/18\/gabriela-jilkova-og-marta-garcia-tester-porsche-99x-electric\/gabriela-jilkova-to-test-the-porsche-99x-electric\/\" data-orig-file=\"https:\/\/evwra.org\/wp-content\/uploads\/2024\/10\/Gabriela-Jilkova-to-test-the-Porsche-99X-Electric.webp\" data-orig-size=\"1035,582\" data-comments-opened=\"1\" data-image-meta=\"{&quot;aperture&quot;:&quot;0&quot;,&quot;credit&quot;:&quot;&quot;,&quot;camera&quot;:&quot;&quot;,&quot;caption&quot;:&quot;&quot;,&quot;created_timestamp&quot;:&quot;0&quot;,&quot;copyright&quot;:&quot;&quot;,&quot;focal_length&quot;:&quot;0&quot;,&quot;iso&quot;:&quot;0&quot;,&quot;shutter_speed&quot;:&quot;0&quot;,&quot;title&quot;:&quot;&quot;,&quot;orientation&quot;:&quot;0&quot;}\" data-image-title=\"Gabriela J\u00edlkov\u00e1 to test the Porsche 99X Electric\" data-image-description=\"\" data-image-caption=\"\" data-large-file=\"https:\/\/evwra.org\/wp-content\/uploads\/2024\/10\/Gabriela-Jilkova-to-test-the-Porsche-99X-Electric-1024x576.jpeg\" class=\"aligncenter size-large wp-image-2491\" src=\"https:\/\/evwra.org\/wp-content\/uploads\/2024\/10\/Gabriela-Jilkova-to-test-the-Porsche-99X-Electric-1024x576.jpeg\" alt=\"\" width=\"640\" height=\"360\" srcset=\"https:\/\/evwra.org\/wp-content\/uploads\/2024\/10\/Gabriela-Jilkova-to-test-the-Porsche-99X-Electric-1024x576.jpeg 1024w, https:\/\/evwra.org\/wp-content\/uploads\/2024\/10\/Gabriela-Jilkova-to-test-the-Porsche-99X-Electric-300x169.jpeg 300w, https:\/\/evwra.org\/wp-content\/uploads\/2024\/10\/Gabriela-Jilkova-to-test-the-Porsche-99X-Electric-768x432.jpeg 768w, https:\/\/evwra.org\/wp-content\/uploads\/2024\/10\/Gabriela-Jilkova-to-test-the-Porsche-99X-Electric-18x10.jpeg 18w, https:\/\/evwra.org\/wp-content\/uploads\/2024\/10\/Gabriela-Jilkova-to-test-the-Porsche-99X-Electric-600x337.jpeg 600w, https:\/\/evwra.org\/wp-content\/uploads\/2024\/10\/Gabriela-Jilkova-to-test-the-Porsche-99X-Electric.webp 1035w\" sizes=\"(max-width: 640px) 100vw, 640px\" \/><\/p>\n<p>Gabriela J\u00edlkov\u00e1<\/strong>.<\/p>\n<p>J\u00edlkov\u00e1 (29) k\u00f8rte 43 omgange og 152 kilometer med Porsche 99X Electric i Valencia sidste \u00e5r - som simulator- og udviklingsk\u00f8rer i TAG Heuer Porsche Formula E Team. Det var hendes f\u00f8rste optr\u00e6den i Porsches open-wheel-bil. Hun har ogs\u00e5 erfaring med GT- og prototypel\u00f8b, og i 2024 deltager hun i GT4 European Series og andre serier. Sammen med schweiziske Simona de Silvestro blev J\u00edlkov\u00e1 den anden kvindelige k\u00f8rer i Porsches Formel E-team.<\/p>\n<p><strong><img decoding=\"async\" data-attachment-id=\"2494\" data-permalink=\"https:\/\/evwra.org\/da\/2024\/10\/18\/gabriela-jilkova-og-marta-garcia-tester-porsche-99x-electric\/marta-garcia-to-test-the-porsche-99x-electric\/\" data-orig-file=\"https:\/\/evwra.org\/wp-content\/uploads\/2024\/10\/Marta-Garcia-to-test-the-Porsche-99X-Electric.webp\" data-orig-size=\"1035,582\" data-comments-opened=\"1\" data-image-meta=\"{&quot;aperture&quot;:&quot;0&quot;,&quot;credit&quot;:&quot;&quot;,&quot;camera&quot;:&quot;&quot;,&quot;caption&quot;:&quot;&quot;,&quot;created_timestamp&quot;:&quot;0&quot;,&quot;copyright&quot;:&quot;&quot;,&quot;focal_length&quot;:&quot;0&quot;,&quot;iso&quot;:&quot;0&quot;,&quot;shutter_speed&quot;:&quot;0&quot;,&quot;title&quot;:&quot;&quot;,&quot;orientation&quot;:&quot;0&quot;}\" data-image-title=\"Marta Garc\u00eda to test the Porsche 99X Electric\" data-image-description=\"\" data-image-caption=\"\" data-large-file=\"https:\/\/evwra.org\/wp-content\/uploads\/2024\/10\/Marta-Garcia-to-test-the-Porsche-99X-Electric-1024x576.jpeg\" class=\"aligncenter size-large wp-image-2494\" src=\"https:\/\/evwra.org\/wp-content\/uploads\/2024\/10\/Marta-Garcia-to-test-the-Porsche-99X-Electric-1024x576.jpeg\" alt=\"\" width=\"640\" height=\"360\" srcset=\"https:\/\/evwra.org\/wp-content\/uploads\/2024\/10\/Marta-Garcia-to-test-the-Porsche-99X-Electric-1024x576.jpeg 1024w, https:\/\/evwra.org\/wp-content\/uploads\/2024\/10\/Marta-Garcia-to-test-the-Porsche-99X-Electric-300x169.jpeg 300w, https:\/\/evwra.org\/wp-content\/uploads\/2024\/10\/Marta-Garcia-to-test-the-Porsche-99X-Electric-768x432.jpeg 768w, https:\/\/evwra.org\/wp-content\/uploads\/2024\/10\/Marta-Garcia-to-test-the-Porsche-99X-Electric-18x10.jpeg 18w, https:\/\/evwra.org\/wp-content\/uploads\/2024\/10\/Marta-Garcia-to-test-the-Porsche-99X-Electric-600x337.jpeg 600w, https:\/\/evwra.org\/wp-content\/uploads\/2024\/10\/Marta-Garcia-to-test-the-Porsche-99X-Electric.webp 1035w\" sizes=\"(max-width: 640px) 100vw, 640px\" \/><\/p>\n<p>Marta Garc\u00eda<\/strong>.<\/p>\n<p>\"Iron Dame\" Garc\u00eda (24) satte sig bag rattet i en Formel E-bil for f\u00f8rste gang i maj - ved den elektriske racerseries officielle Rookie Test i Berlin. Hun er den f\u00f8rste mester i Formel 1-juniorserien for kvinder, F1 Academy (2023), og har konkurreret i Iron Dames-farver siden april; et team, som Porsche tidligere har samarbejdet med. Garc\u00edas nuv\u00e6rende hovedfokus er Formula Regional European Championship by Alpine.<\/p>\n<p>Den tredje generation af Formel E-k\u00f8ret\u00f8jer, GEN3 Evo, fra Porsche 99X Electric f\u00e5r sin officielle debut i Valencia (verdenspremiere den 24. oktober). Ud over J\u00edlkov\u00e1 og Garc\u00eda vil verdensmesteren Pascal Wehrlein og teamkollegaen Ant\u00f3nio F\u00e9lix da Costa ogs\u00e5 s\u00e6tte sig bag rattet. Testsessionerne finder sted fra den 4. til den 7. november.<\/p>\n<p><strong><img decoding=\"async\" data-attachment-id=\"2496\" data-permalink=\"https:\/\/evwra.org\/da\/2024\/10\/18\/gabriela-jilkova-og-marta-garcia-tester-porsche-99x-electric\/florian-modlinger\/\" data-orig-file=\"https:\/\/evwra.org\/wp-content\/uploads\/2024\/10\/Florian-Modlinger.webp\" data-orig-size=\"1035,582\" data-comments-opened=\"1\" data-image-meta=\"{&quot;aperture&quot;:&quot;0&quot;,&quot;credit&quot;:&quot;&quot;,&quot;camera&quot;:&quot;&quot;,&quot;caption&quot;:&quot;&quot;,&quot;created_timestamp&quot;:&quot;0&quot;,&quot;copyright&quot;:&quot;&quot;,&quot;focal_length&quot;:&quot;0&quot;,&quot;iso&quot;:&quot;0&quot;,&quot;shutter_speed&quot;:&quot;0&quot;,&quot;title&quot;:&quot;&quot;,&quot;orientation&quot;:&quot;0&quot;}\" data-image-title=\"Florian Modlinger\" data-image-description=\"\" data-image-caption=\"\" data-large-file=\"https:\/\/evwra.org\/wp-content\/uploads\/2024\/10\/Florian-Modlinger-1024x576.jpeg\" class=\"aligncenter size-large wp-image-2496\" src=\"https:\/\/evwra.org\/wp-content\/uploads\/2024\/10\/Florian-Modlinger-1024x576.jpeg\" alt=\"\" width=\"640\" height=\"360\" srcset=\"https:\/\/evwra.org\/wp-content\/uploads\/2024\/10\/Florian-Modlinger-1024x576.jpeg 1024w, https:\/\/evwra.org\/wp-content\/uploads\/2024\/10\/Florian-Modlinger-300x169.jpeg 300w, https:\/\/evwra.org\/wp-content\/uploads\/2024\/10\/Florian-Modlinger-768x432.jpeg 768w, https:\/\/evwra.org\/wp-content\/uploads\/2024\/10\/Florian-Modlinger-18x10.jpeg 18w, https:\/\/evwra.org\/wp-content\/uploads\/2024\/10\/Florian-Modlinger-600x337.jpeg 600w, https:\/\/evwra.org\/wp-content\/uploads\/2024\/10\/Florian-Modlinger.webp 1035w\" sizes=\"(max-width: 640px) 100vw, 640px\" \/><\/p>\n<p>Florian Modlinger, direkt\u00f8r for Factory Motorsport Formel E:<\/strong>.\u00a0\"Hos Porsche tror vi fuldt og fast p\u00e5, at forskellige teams er mere succesfulde. Derfor er vi meget glade for at st\u00f8tte Formel E's initiativ. Vi er glade for at have Gabriela om bord igen og vil gerne byde Marta varmt velkommen. Iron Dames er en af de st\u00f8rste promotorer af kvinder i motorsport. Vores forberedelser f\u00f8r s\u00e6sonen kan kun drage fordel af de ekstra indtryk fra disse to k\u00f8rere. Samtidig vil vi sikre, at Gabriela og Marta f\u00e5r s\u00e5 meget som muligt ud af denne mulighed for dem selv.\"<\/p>\n<p><strong>Gabriela J\u00edlkov\u00e1:<\/strong> \"Jeg er virkelig glad for, at jeg f\u00e5r lov til at k\u00f8re Porsche 99X Electric igen. Det er altid en \u00e6re at repr\u00e6sentere Porsche-v\u00e6rksteamet. Jeg er sp\u00e6ndt p\u00e5 at se, hvordan den nye bil klarer sig. Det siger sig selv, at jeg ogs\u00e5 er glad for at v\u00e6re en del af de f\u00f8rste Formel E-testsessioner specifikt for kvinder.\"<\/p>\n<p><strong>Marta Garc\u00eda:<\/strong>\u00a0\"Jeg er meget begejstret for at v\u00e6re en del af Formel E-testen for kvinder. Og jeg er endnu mere glad for, at jeg f\u00e5r lov til at v\u00e6re involveret i det sammen med TAG Heuer Porsche Formula E Team. De er et af de bedste hold i feltet, og jeg ser virkelig frem til at l\u00e6re af og med dem. Jeg er utrolig taknemmelig over for Porsche og Iron Dames for denne mulighed. Jeg kan ikke vente med at k\u00f8re 99X Electric - ogs\u00e5 p\u00e5 min fantastiske hjemmebane.\"<\/p>\n<table width=\"600\">\n<tbody>\n<tr>\n<td><strong>Gabriela J\u00edlkov\u00e1 - Personlige oplysninger<\/strong><\/td>\n<td><strong>Marta Garc\u00eda - Personlige oplysninger<\/strong><\/td>\n<\/tr>\n<tr>\n<td>F\u00f8dselsdato: 2. april 1995<br \/>\nF\u00f8dested: Prag (Tjekkiet)<br \/>\nNationalitet: Tjekkisk<br \/>\n\u00c6gteskabelig status: Enlig<br \/>\nH\u00f8jde og v\u00e6gt: 169 cm og 53 kg<br \/>\nHobbyer: Sport<br \/>\nInstagram: @QuickGabi<br \/>\nX: @QuickGabi<br \/>\nFacebook: @QuickGabi<\/td>\n<td>F\u00f8dselsdato: 9. august 2000<br \/>\nF\u00f8dested: D\u00e9nia (Spanien)<br \/>\nNationalitet: Spansk<br \/>\n\u00c6gteskabelig status: Enlig<br \/>\nH\u00f8jde og v\u00e6gt: 164 cm og 57 kg<br \/>\nHobbyer: Rejser, fitness<br \/>\nInstagram: @martagarcialopez19<br \/>\nX: @martaracing<br \/>\nFacebook: @OficialMartaGarcia<\/td>\n<\/tr>\n<\/tbody>\n<thead>\n<tr>\n<td><\/td>\n<td><\/td>\n<\/tr>\n<\/thead>\n<\/table>\n<p>&nbsp;<\/p>\n<p><strong>Porsche in Formula E<\/strong><\/p>\n<p>Porsche deltager i sin sjette Formel E-s\u00e6son i 2024\/2025. Ud over det fabriksdrevne TAG Heuer Porsche Formula E Team konkurrerer det amerikanske kundehold Andretti Formula E med Porsche 99X Electric. Konceptet for den innovative elektriske racerbil blev udviklet p\u00e5 virksomhedens anl\u00e6g i Weissach, som opererer p\u00e5 en netto kulstofneutral basis. Med sit engagement i verdensmesterskabet understreger Porsche sin forpligtelse til at indtage en f\u00f8rende rolle blandt traditionelle bilproducenter inden for elektrificering, b\u00e6redygtighed og teknologi. I Formel E f\u00e5r m\u00e6rket v\u00e6rdifuld indsigt i sine elektriske serieproducerede sportsvogne.<\/p>\n<p>... Noter fra SP,<\/p>\n<p>#EVWRA, #Porsche, #TAG Heuer Porsche Formula E Team, #Gabriela J\u00edlkov\u00e1, #Marta Garc\u00eda, #Florian Modlinger, #World Speed Challenge, #Racing, #E Racing, #Motorsport, #E Motorsport, #EVWRA, #EWGP, #etcwsc, #egt4wsc, #egt3wsc, #egt2wsc, #egt1wsc, #egt4wec, #egt3wec, #egt2wec, #egt1wsc, #gt4hwsc, #gt3hwsc, #gt2hwsc, #gt1hwsc, #gt4hwec, #gt3hwec, #gt2hwec, #gt1hwec,<\/p>\n<p>World Speed Challenge (<a href=\"http:\/\/worldspeedchallenge.com\">worldspeedchallenge.com<\/a>)<br \/>\nE Racing Nation (<a href=\"http:\/\/eracingnation.com\">eracingnation.com<\/a>)<br \/>\nEV Festival of Speed (EVFOS) <a href=\"http:\/\/evfos.com\">evfos.com<\/a>)<br \/>\nEVWRA (<a href=\"http:\/\/evwra.org\/da\/\">evwra.org<\/a>)<br \/>\nEWGP (<a href=\"http:\/\/ewgp.org\">ewgp.org<\/a>)<br \/>\nEVVTOL Tech Nation (<a href=\"http:\/\/evvtoltechnation.com\">evvtoltechnation.com<\/a>)<\/p>","protected":false},"excerpt":{"rendered":"<p>Porsche har nomineret Gabriela J\u00edlkov\u00e1 og Marta Garc\u00eda til at pr\u00f8vek\u00f8re Porsche 99X Electric....<\/p>","protected":false},"author":165558846,"featured_media":2493,"comment_status":"open","ping_status":"open","sticky":false,"template":"","format":"standard","meta":{"_coblocks_attr":"","_coblocks_dimensions":"","_coblocks_responsive_height":"","_coblocks_accordion_ie_support":"","_crdt_document":"","advanced_seo_description":"","jetpack_seo_html_title":"","jetpack_seo_noindex":false,"_jetpack_newsletter_access":"","_jetpack_dont_email_post_to_subs":false,"_jetpack_newsletter_tier_id":0,"_jetpack_memberships_contains_paywalled_content":false,"two_page_speed":[],"_jetpack_memberships_contains_paid_content":false,"footnotes":"","jetpack_publicize_message":"","jetpack_publicize_feature_enabled":true,"jetpack_social_post_already_shared":true,"jetpack_social_options":{"image_generator_settings":{"template":"highway","default_image_id":0,"font":"","enabled":false},"version":2},"_wpas_customize_per_network":false,"jetpack_post_was_ever_published":false},"categories":[1365],"tags":[1796,2003,2006,2002,2005,2001,2004,2000,1999,1742,1998,2021,2019,2014,2010,2013,2009,2012,2008,2011,2020,1767,1775,1794,2018,1995,1746,2007],"class_list":["post-2490","post","type-post","status-publish","format-standard","has-post-thumbnail","hentry","category-formula-e","tag-e-motorsport","tag-egt1wsc","tag-egt2wec","tag-egt2wsc","tag-egt3wec","tag-egt3wsc","tag-egt4wec","tag-egt4wsc","tag-etcwsc","tag-evwra","tag-ewgp","tag-florian-modlinger","tag-gabriela-jilkova","tag-gt1hwec","tag-gt1hwsc","tag-gt2hwec","tag-gt2hwsc","tag-gt3hwec","tag-gt3hwsc","tag-gt4hwec","tag-marta-garcia","tag-motorsport","tag-porsche","tag-racing","tag-tag-heuer-porsche-formula-e-team","tag-world-speed-challenge","tag-e-racing","tag-gt4hwsc"],"jetpack_publicize_connections":[],"featured_image_urls":{"full":["https:\/\/evwra.org\/wp-content\/uploads\/2024\/10\/Gabriela-Jilkova-and-Marta-Garcia-to-test-the-Porsche-99X-Electric.webp",1920,1081,false],"thumbnail":["https:\/\/evwra.org\/wp-content\/uploads\/2024\/10\/Gabriela-Jilkova-and-Marta-Garcia-to-test-the-Porsche-99X-Electric-150x150.jpeg?crop=1",150,150,true],"medium":["https:\/\/evwra.org\/wp-content\/uploads\/2024\/10\/Gabriela-Jilkova-and-Marta-Garcia-to-test-the-Porsche-99X-Electric-300x169.jpeg",300,169,true],"medium_large":["https:\/\/evwra.org\/wp-content\/uploads\/2024\/10\/Gabriela-Jilkova-and-Marta-Garcia-to-test-the-Porsche-99X-Electric-768x432.jpeg",640,360,true],"large":["https:\/\/evwra.org\/wp-content\/uploads\/2024\/10\/Gabriela-Jilkova-and-Marta-Garcia-to-test-the-Porsche-99X-Electric-1024x576.jpeg",640,360,true],"1536x1536":["https:\/\/evwra.org\/wp-content\/uploads\/2024\/10\/Gabriela-Jilkova-and-Marta-Garcia-to-test-the-Porsche-99X-Electric-1536x864.jpeg",1536,864,true],"2048x2048":["https:\/\/evwra.org\/wp-content\/uploads\/2024\/10\/Gabriela-Jilkova-and-Marta-Garcia-to-test-the-Porsche-99X-Electric.webp",1920,1081,false],"trp-custom-language-flag":["https:\/\/evwra.org\/wp-content\/uploads\/2024\/10\/Gabriela-Jilkova-and-Marta-Garcia-to-test-the-Porsche-99X-Electric-18x10.jpeg",18,10,true],"newspack-article-block-landscape-large":["https:\/\/evwra.org\/wp-content\/uploads\/2024\/10\/Gabriela-Jilkova-and-Marta-Garcia-to-test-the-Porsche-99X-Electric.webp",1200,676,false],"newspack-article-block-portrait-large":["https:\/\/evwra.org\/wp-content\/uploads\/2024\/10\/Gabriela-Jilkova-and-Marta-Garcia-to-test-the-Porsche-99X-Electric.webp",900,507,false],"newspack-article-block-square-large":["https:\/\/evwra.org\/wp-content\/uploads\/2024\/10\/Gabriela-Jilkova-and-Marta-Garcia-to-test-the-Porsche-99X-Electric.webp",1200,676,false],"newspack-article-block-landscape-medium":["https:\/\/evwra.org\/wp-content\/uploads\/2024\/10\/Gabriela-Jilkova-and-Marta-Garcia-to-test-the-Porsche-99X-Electric.webp",800,450,false],"newspack-article-block-portrait-medium":["https:\/\/evwra.org\/wp-content\/uploads\/2024\/10\/Gabriela-Jilkova-and-Marta-Garcia-to-test-the-Porsche-99X-Electric.webp",600,338,false],"newspack-article-block-square-medium":["https:\/\/evwra.org\/wp-content\/uploads\/2024\/10\/Gabriela-Jilkova-and-Marta-Garcia-to-test-the-Porsche-99X-Electric.webp",800,450,false],"newspack-article-block-landscape-intermediate":["https:\/\/evwra.org\/wp-content\/uploads\/2024\/10\/Gabriela-Jilkova-and-Marta-Garcia-to-test-the-Porsche-99X-Electric.webp",600,338,false],"newspack-article-block-portrait-intermediate":["https:\/\/evwra.org\/wp-content\/uploads\/2024\/10\/Gabriela-Jilkova-and-Marta-Garcia-to-test-the-Porsche-99X-Electric.webp",450,253,false],"newspack-article-block-square-intermediate":["https:\/\/evwra.org\/wp-content\/uploads\/2024\/10\/Gabriela-Jilkova-and-Marta-Garcia-to-test-the-Porsche-99X-Electric.webp",600,338,false],"newspack-article-block-landscape-small":["https:\/\/evwra.org\/wp-content\/uploads\/2024\/10\/Gabriela-Jilkova-and-Marta-Garcia-to-test-the-Porsche-99X-Electric.webp",400,225,false],"newspack-article-block-portrait-small":["https:\/\/evwra.org\/wp-content\/uploads\/2024\/10\/Gabriela-Jilkova-and-Marta-Garcia-to-test-the-Porsche-99X-Electric.webp",300,169,false],"newspack-article-block-square-small":["https:\/\/evwra.org\/wp-content\/uploads\/2024\/10\/Gabriela-Jilkova-and-Marta-Garcia-to-test-the-Porsche-99X-Electric.webp",400,225,false],"newspack-article-block-landscape-tiny":["https:\/\/evwra.org\/wp-content\/uploads\/2024\/10\/Gabriela-Jilkova-and-Marta-Garcia-to-test-the-Porsche-99X-Electric.webp",200,113,false],"newspack-article-block-portrait-tiny":["https:\/\/evwra.org\/wp-content\/uploads\/2024\/10\/Gabriela-Jilkova-and-Marta-Garcia-to-test-the-Porsche-99X-Electric.webp",150,84,false],"newspack-article-block-square-tiny":["https:\/\/evwra.org\/wp-content\/uploads\/2024\/10\/Gabriela-Jilkova-and-Marta-Garcia-to-test-the-Porsche-99X-Electric.webp",200,113,false],"newspack-article-block-uncropped":["https:\/\/evwra.org\/wp-content\/uploads\/2024\/10\/Gabriela-Jilkova-and-Marta-Garcia-to-test-the-Porsche-99X-Electric.webp",1200,676,false],"enternews-featured":["https:\/\/evwra.org\/wp-content\/uploads\/2024\/10\/Gabriela-Jilkova-and-Marta-Garcia-to-test-the-Porsche-99X-Electric-1024x576.jpeg",1024,576,true],"enternews-medium":["https:\/\/evwra.org\/wp-content\/uploads\/2024\/10\/Gabriela-Jilkova-and-Marta-Garcia-to-test-the-Porsche-99X-Electric-720x475.jpeg?crop=1",720,475,true],"enternews-thumbnail":["https:\/\/evwra.org\/wp-content\/uploads\/2024\/10\/Gabriela-Jilkova-and-Marta-Garcia-to-test-the-Porsche-99X-Electric-480x315.jpeg?crop=1",480,315,true],"mailpoet_newsletter_max":["https:\/\/evwra.org\/wp-content\/uploads\/2024\/10\/Gabriela-Jilkova-and-Marta-Garcia-to-test-the-Porsche-99X-Electric-1320x743.jpeg",1320,743,true],"tenweb_optimizer_mobile":["https:\/\/evwra.org\/wp-content\/uploads\/2024\/10\/Gabriela-Jilkova-and-Marta-Garcia-to-test-the-Porsche-99X-Electric-600x338.jpeg",600,338,true],"tenweb_optimizer_tablet":["https:\/\/evwra.org\/wp-content\/uploads\/2024\/10\/Gabriela-Jilkova-and-Marta-Garcia-to-test-the-Porsche-99X-Electric-768x432.jpeg",768,432,true]},"author_info":{"display_name":"EVHNews","author_link":"https:\/\/evwra.org\/da\/author\/evhnews\/"},"category_info":"<a href=\"https:\/\/evwra.org\/da\/kategori\/evwra-e-automotive\/formel-e\/\" rel=\"category tag\">Formula E<\/a>","tag_info":"Formula E","comment_count":"0","jetpack_featured_media_url":"https:\/\/evwra.org\/wp-content\/uploads\/2024\/10\/Gabriela-Jilkova-and-Marta-Garcia-to-test-the-Porsche-99X-Electric.webp","jetpack_likes_enabled":true,"jetpack_sharing_enabled":true,"jetpack_shortlink":"https:\/\/wp.me\/pepfs2-Ea","jetpack-related-posts":[],"amp_enabled":true,"_links":{"self":[{"href":"https:\/\/evwra.org\/da\/wp-json\/wp\/v2\/posts\/2490","targetHints":{"allow":["GET"]}}],"collection":[{"href":"https:\/\/evwra.org\/da\/wp-json\/wp\/v2\/posts"}],"about":[{"href":"https:\/\/evwra.org\/da\/wp-json\/wp\/v2\/types\/post"}],"author":[{"embeddable":true,"href":"https:\/\/evwra.org\/da\/wp-json\/wp\/v2\/users\/165558846"}],"replies":[{"embeddable":true,"href":"https:\/\/evwra.org\/da\/wp-json\/wp\/v2\/comments?post=2490"}],"version-history":[{"count":3,"href":"https:\/\/evwra.org\/da\/wp-json\/wp\/v2\/posts\/2490\/revisions"}],"predecessor-version":[{"id":2497,"href":"https:\/\/evwra.org\/da\/wp-json\/wp\/v2\/posts\/2490\/revisions\/2497"}],"wp:featuredmedia":[{"embeddable":true,"href":"https:\/\/evwra.org\/da\/wp-json\/wp\/v2\/media\/2493"}],"wp:attachment":[{"href":"https:\/\/evwra.org\/da\/wp-json\/wp\/v2\/media?parent=2490"}],"wp:term":[{"taxonomy":"category","embeddable":true,"href":"https:\/\/evwra.org\/da\/wp-json\/wp\/v2\/categories?post=2490"},{"taxonomy":"post_tag","embeddable":true,"href":"https:\/\/evwra.org\/da\/wp-json\/wp\/v2\/tags?post=2490"}],"curies":[{"name":"wp","href":"https:\/\/api.w.org\/{rel}","templated":true}]}}