{"id":1530,"date":"2023-06-27T20:54:35","date_gmt":"2023-06-28T03:54:35","guid":{"rendered":"https:\/\/evwra.org\/?p=1530"},"modified":"2023-06-27T20:54:35","modified_gmt":"2023-06-28T03:54:35","slug":"neue-cr-v-hybrid-racer-video-honda-ingenieure-erzahlen-die-geschichte-des-weltweit-einzigen-gelandewagens-der-von-einem-indycar-motor-angetrieben-wird","status":"publish","type":"post","link":"https:\/\/evwra.org\/de\/2023\/06\/27\/neue-cr-v-hybrid-racer-video-honda-ingenieure-erzahlen-die-geschichte-des-weltweit-einzigen-gelandewagens-der-von-einem-indycar-motor-angetrieben-wird\/","title":{"rendered":"New CR-V Hybrid Racer Video: Honda Engineers Tell Story Behind the World\u2019s Only SUV Powered By An Indycar Engine"},"content":{"rendered":"<p>Honda hat ein neues Video ver\u00f6ffentlicht, das den Zuschauern Einblicke in die Konstruktion des CR-V Hybrid Racer gibt, eines wilden 800-PS-SUV, der von den f\u00fcr seine Entwicklung verantwortlichen Ingenieuren treffend den Spitznamen \"The Beast\" erhalten hat. Das Video erz\u00e4hlt die Geschichte hinter dem 14-monatigen internen Projekt und dokumentiert die akribische Handarbeit, die f\u00fcr den Bau des weltweit einzigen SUV mit IndyCar-Antrieb erforderlich ist.<\/p>\n<p><iframe title=\"Development Story: Honda\u2019s IndyCar Powered CR-V Hybrid Racer\" src=\"https:\/\/www.youtube.com\/embed\/6kpMARRd-Ac\" width=\"750\" height=\"315\" frameborder=\"0\" allowfullscreen=\"allowfullscreen\"><\/iframe><\/p>\n<p>\"Der CR-V Hybrid Racer ist ein leidenschaftliches Projekt f\u00fcr jeden bei Honda, der an seinem Design, seiner Konstruktion und seinem Bau beteiligt war\", sagte David Salters, Pr\u00e4sident und technischer Direktor von Honda Performance Development, der nordamerikanischen Rennabteilung von American Honda. \"Das Biest verk\u00f6rpert Hondas Fahrspa\u00df-Ethos und Rennsport-Tradition.\"<\/p>\n<p>Der von Honda Performance Development (HPD) in S\u00fcdkalifornien konzipierte und konstruierte Honda CR-V Hybrid Racer ist ein rollendes Labor, das komplett von Honda-Ingenieuren f\u00fcr die weitere Entwicklung unserer elektrifizierten Motorsportprogramme gebaut wurde. Er wurde im nordamerikanischen Honda Automotive Development Center (ADC) in Ohio vom Honda of America Racing Team konstruiert, einer Gruppe passionierter Enthusiasten, die ihre Wochenenden, Ferien und Feiertage dem Bau gewidmet haben.<\/p>\n<p>Der Honda CR-V Hybrid Racer demonstriert die extreme Kraft und Leistungsf\u00e4higkeit elektrifizierter Antriebsstr\u00e4nge. Das Exterieur des Einzelst\u00fccks wurde von Hondas Studio f\u00fcr Serienfahrzeuge in Los Angeles entworfen, wobei die wilden GT-Rennwagen und Rallyefahrzeuge der Gruppe B der 1980er und 90er Jahre als Inspiration dienten.<\/p>\n<p>Hybridelektrische Modelle sind ein wichtiger Schritt in Hondas Elektrifizierungsstrategie. Der neue CR-V Hybrid, der Accord Hybrid und bald auch der Civic Hybrid sind mit Hondas neuer, leistungsf\u00e4higerer 4.\u00a0<a href=\"https:\/\/hondanews.com\/en-US\/honda-automobiles\/releases\/release-1503019bd8a757ea08267d7944378955-honda-two-motor-hybrid-electric-system\">two-motor hybrid-electric system<\/a>.<\/p>\n<p>For more information on the Honda CR-V Hybrid Racer click\u00a0<a href=\"https:\/\/hondanews.com\/en-US\/honda-automobiles\/releases\/honda-performance-development-unveils-cr-v-hybrid-racer-an-indycar-wolf-in-cr-v-clothing\">hier<\/a>.<\/p>","protected":false},"excerpt":{"rendered":"<p>Honda has released a new video taking viewers inside the construction of the CR-V Hybrid&#8230;<\/p>","protected":false},"author":165558846,"featured_media":1532,"comment_status":"open","ping_status":"open","sticky":false,"template":"","format":"standard","meta":{"_coblocks_attr":"","_coblocks_dimensions":"","_coblocks_responsive_height":"","_coblocks_accordion_ie_support":"","advanced_seo_description":"","jetpack_seo_html_title":"","jetpack_seo_noindex":false,"jetpack_seo_schema_type":"","_jetpack_newsletter_access":"","_jetpack_dont_email_post_to_subs":false,"_jetpack_newsletter_tier_id":0,"_jetpack_memberships_contains_paywalled_content":false,"two_page_speed":[],"_wpcom_ai_launchpad_first_post":false,"_jetpack_feature_clip_id":0,"_jetpack_memberships_contains_paid_content":false,"footnotes":"","jetpack_publicize_message":"{title}\n\n{excerpt}\n\n{url}","jetpack_publicize_feature_enabled":true,"jetpack_social_post_already_shared":true,"jetpack_social_options":{"image_generator_settings":{"template":"highway","default_image_id":0,"font":"","enabled":false},"version":2},"_wpas_customize_per_network":false,"jetpack_post_was_ever_published":false},"categories":[1361],"tags":[],"class_list":["post-1530","post","type-post","status-publish","format-standard","has-post-thumbnail","hentry","category-evwra-e-automotive"],"jetpack_publicize_connections":[],"featured_image_urls":{"full":["https:\/\/evwra.org\/wp-content\/uploads\/2023\/06\/New-CR-V-Hybrid-Racer-Honda-Engineers-Tell-Story-Behind-the-Worlds-Only-SUV-Powered-by-an-Indycar-Engine.jpg",3300,2200,false],"thumbnail":["https:\/\/evwra.org\/wp-content\/uploads\/2023\/06\/New-CR-V-Hybrid-Racer-Honda-Engineers-Tell-Story-Behind-the-Worlds-Only-SUV-Powered-by-an-Indycar-Engine-150x150.jpg?crop=1",150,150,true],"medium":["https:\/\/evwra.org\/wp-content\/uploads\/2023\/06\/New-CR-V-Hybrid-Racer-Honda-Engineers-Tell-Story-Behind-the-Worlds-Only-SUV-Powered-by-an-Indycar-Engine-300x200.jpg",300,200,true],"medium_large":["https:\/\/evwra.org\/wp-content\/uploads\/2023\/06\/New-CR-V-Hybrid-Racer-Honda-Engineers-Tell-Story-Behind-the-Worlds-Only-SUV-Powered-by-an-Indycar-Engine-768x512.jpg",640,427,true],"large":["https:\/\/evwra.org\/wp-content\/uploads\/2023\/06\/New-CR-V-Hybrid-Racer-Honda-Engineers-Tell-Story-Behind-the-Worlds-Only-SUV-Powered-by-an-Indycar-Engine-1024x683.jpg",640,427,true],"1536x1536":["https:\/\/evwra.org\/wp-content\/uploads\/2023\/06\/New-CR-V-Hybrid-Racer-Honda-Engineers-Tell-Story-Behind-the-Worlds-Only-SUV-Powered-by-an-Indycar-Engine-1536x1024.jpg",1536,1024,true],"2048x2048":["https:\/\/evwra.org\/wp-content\/uploads\/2023\/06\/New-CR-V-Hybrid-Racer-Honda-Engineers-Tell-Story-Behind-the-Worlds-Only-SUV-Powered-by-an-Indycar-Engine-2048x1365.jpg",2048,1365,true],"trp-custom-language-flag":["https:\/\/evwra.org\/wp-content\/uploads\/2023\/06\/New-CR-V-Hybrid-Racer-Honda-Engineers-Tell-Story-Behind-the-Worlds-Only-SUV-Powered-by-an-Indycar-Engine.jpg",18,12,false],"newspack-article-block-landscape-large":["https:\/\/evwra.org\/wp-content\/uploads\/2023\/06\/New-CR-V-Hybrid-Racer-Honda-Engineers-Tell-Story-Behind-the-Worlds-Only-SUV-Powered-by-an-Indycar-Engine-1200x900.jpg?crop=1",1200,900,true],"newspack-article-block-portrait-large":["https:\/\/evwra.org\/wp-content\/uploads\/2023\/06\/New-CR-V-Hybrid-Racer-Honda-Engineers-Tell-Story-Behind-the-Worlds-Only-SUV-Powered-by-an-Indycar-Engine-900x1200.jpg?crop=1",900,1200,true],"newspack-article-block-square-large":["https:\/\/evwra.org\/wp-content\/uploads\/2023\/06\/New-CR-V-Hybrid-Racer-Honda-Engineers-Tell-Story-Behind-the-Worlds-Only-SUV-Powered-by-an-Indycar-Engine-1200x1200.jpg?crop=1",1200,1200,true],"newspack-article-block-landscape-medium":["https:\/\/evwra.org\/wp-content\/uploads\/2023\/06\/New-CR-V-Hybrid-Racer-Honda-Engineers-Tell-Story-Behind-the-Worlds-Only-SUV-Powered-by-an-Indycar-Engine-800x600.jpg?crop=1",800,600,true],"newspack-article-block-portrait-medium":["https:\/\/evwra.org\/wp-content\/uploads\/2023\/06\/New-CR-V-Hybrid-Racer-Honda-Engineers-Tell-Story-Behind-the-Worlds-Only-SUV-Powered-by-an-Indycar-Engine-600x800.jpg?crop=1",600,800,true],"newspack-article-block-square-medium":["https:\/\/evwra.org\/wp-content\/uploads\/2023\/06\/New-CR-V-Hybrid-Racer-Honda-Engineers-Tell-Story-Behind-the-Worlds-Only-SUV-Powered-by-an-Indycar-Engine-800x800.jpg?crop=1",800,800,true],"newspack-article-block-landscape-intermediate":["https:\/\/evwra.org\/wp-content\/uploads\/2023\/06\/New-CR-V-Hybrid-Racer-Honda-Engineers-Tell-Story-Behind-the-Worlds-Only-SUV-Powered-by-an-Indycar-Engine.jpg",600,400,false],"newspack-article-block-portrait-intermediate":["https:\/\/evwra.org\/wp-content\/uploads\/2023\/06\/New-CR-V-Hybrid-Racer-Honda-Engineers-Tell-Story-Behind-the-Worlds-Only-SUV-Powered-by-an-Indycar-Engine.jpg",450,300,false],"newspack-article-block-square-intermediate":["https:\/\/evwra.org\/wp-content\/uploads\/2023\/06\/New-CR-V-Hybrid-Racer-Honda-Engineers-Tell-Story-Behind-the-Worlds-Only-SUV-Powered-by-an-Indycar-Engine.jpg",600,400,false],"newspack-article-block-landscape-small":["https:\/\/evwra.org\/wp-content\/uploads\/2023\/06\/New-CR-V-Hybrid-Racer-Honda-Engineers-Tell-Story-Behind-the-Worlds-Only-SUV-Powered-by-an-Indycar-Engine-400x300.jpg?crop=1",400,300,true],"newspack-article-block-portrait-small":["https:\/\/evwra.org\/wp-content\/uploads\/2023\/06\/New-CR-V-Hybrid-Racer-Honda-Engineers-Tell-Story-Behind-the-Worlds-Only-SUV-Powered-by-an-Indycar-Engine-300x400.jpg?crop=1",300,400,true],"newspack-article-block-square-small":["https:\/\/evwra.org\/wp-content\/uploads\/2023\/06\/New-CR-V-Hybrid-Racer-Honda-Engineers-Tell-Story-Behind-the-Worlds-Only-SUV-Powered-by-an-Indycar-Engine-400x400.jpg?crop=1",400,400,true],"newspack-article-block-landscape-tiny":["https:\/\/evwra.org\/wp-content\/uploads\/2023\/06\/New-CR-V-Hybrid-Racer-Honda-Engineers-Tell-Story-Behind-the-Worlds-Only-SUV-Powered-by-an-Indycar-Engine-200x150.jpg?crop=1",200,150,true],"newspack-article-block-portrait-tiny":["https:\/\/evwra.org\/wp-content\/uploads\/2023\/06\/New-CR-V-Hybrid-Racer-Honda-Engineers-Tell-Story-Behind-the-Worlds-Only-SUV-Powered-by-an-Indycar-Engine-150x200.jpg?crop=1",150,200,true],"newspack-article-block-square-tiny":["https:\/\/evwra.org\/wp-content\/uploads\/2023\/06\/New-CR-V-Hybrid-Racer-Honda-Engineers-Tell-Story-Behind-the-Worlds-Only-SUV-Powered-by-an-Indycar-Engine-200x200.jpg?crop=1",200,200,true],"newspack-article-block-uncropped":["https:\/\/evwra.org\/wp-content\/uploads\/2023\/06\/New-CR-V-Hybrid-Racer-Honda-Engineers-Tell-Story-Behind-the-Worlds-Only-SUV-Powered-by-an-Indycar-Engine-1200x800.jpg",1200,800,true],"enternews-featured":["https:\/\/evwra.org\/wp-content\/uploads\/2023\/06\/New-CR-V-Hybrid-Racer-Honda-Engineers-Tell-Story-Behind-the-Worlds-Only-SUV-Powered-by-an-Indycar-Engine-1024x683.jpg",1024,683,true],"enternews-medium":["https:\/\/evwra.org\/wp-content\/uploads\/2023\/06\/New-CR-V-Hybrid-Racer-Honda-Engineers-Tell-Story-Behind-the-Worlds-Only-SUV-Powered-by-an-Indycar-Engine-720x475.jpg?crop=1",720,475,true],"enternews-thumbnail":["https:\/\/evwra.org\/wp-content\/uploads\/2023\/06\/New-CR-V-Hybrid-Racer-Honda-Engineers-Tell-Story-Behind-the-Worlds-Only-SUV-Powered-by-an-Indycar-Engine-480x315.jpg?crop=1",480,315,true],"mailpoet_newsletter_max":["https:\/\/evwra.org\/wp-content\/uploads\/2023\/06\/New-CR-V-Hybrid-Racer-Honda-Engineers-Tell-Story-Behind-the-Worlds-Only-SUV-Powered-by-an-Indycar-Engine.jpg",1320,880,false],"tenweb_optimizer_mobile":["https:\/\/evwra.org\/wp-content\/uploads\/2023\/06\/New-CR-V-Hybrid-Racer-Honda-Engineers-Tell-Story-Behind-the-Worlds-Only-SUV-Powered-by-an-Indycar-Engine-600x400.jpg",600,400,true],"tenweb_optimizer_tablet":["https:\/\/evwra.org\/wp-content\/uploads\/2023\/06\/New-CR-V-Hybrid-Racer-Honda-Engineers-Tell-Story-Behind-the-Worlds-Only-SUV-Powered-by-an-Indycar-Engine-768x512.jpg",768,512,true]},"author_info":{"display_name":"EVHNews","author_link":"https:\/\/evwra.org\/de\/author\/evhnews\/"},"category_info":"<a href=\"https:\/\/evwra.org\/de\/kategorie\/evwra-e-automotive\/\" rel=\"category tag\">E Racing Nation E Automotive News<\/a>","tag_info":"E Racing Nation E Automotive News","comment_count":"0","jetpack_likes_enabled":true,"jetpack_sharing_enabled":true,"jetpack_shortlink":"https:\/\/wp.me\/pepfs2-oG","jetpack-related-posts":[],"amp_enabled":true,"jetpack_featured_media_url":"https:\/\/evwra.org\/wp-content\/uploads\/2023\/06\/New-CR-V-Hybrid-Racer-Honda-Engineers-Tell-Story-Behind-the-Worlds-Only-SUV-Powered-by-an-Indycar-Engine.jpg","_links":{"self":[{"href":"https:\/\/evwra.org\/de\/wp-json\/wp\/v2\/posts\/1530","targetHints":{"allow":["GET"]}}],"collection":[{"href":"https:\/\/evwra.org\/de\/wp-json\/wp\/v2\/posts"}],"about":[{"href":"https:\/\/evwra.org\/de\/wp-json\/wp\/v2\/types\/post"}],"author":[{"embeddable":true,"href":"https:\/\/evwra.org\/de\/wp-json\/wp\/v2\/users\/165558846"}],"replies":[{"embeddable":true,"href":"https:\/\/evwra.org\/de\/wp-json\/wp\/v2\/comments?post=1530"}],"version-history":[{"count":2,"href":"https:\/\/evwra.org\/de\/wp-json\/wp\/v2\/posts\/1530\/revisions"}],"predecessor-version":[{"id":1533,"href":"https:\/\/evwra.org\/de\/wp-json\/wp\/v2\/posts\/1530\/revisions\/1533"}],"wp:featuredmedia":[{"embeddable":true,"href":"https:\/\/evwra.org\/de\/wp-json\/wp\/v2\/media\/1532"}],"wp:attachment":[{"href":"https:\/\/evwra.org\/de\/wp-json\/wp\/v2\/media?parent=1530"}],"wp:term":[{"taxonomy":"category","embeddable":true,"href":"https:\/\/evwra.org\/de\/wp-json\/wp\/v2\/categories?post=1530"},{"taxonomy":"post_tag","embeddable":true,"href":"https:\/\/evwra.org\/de\/wp-json\/wp\/v2\/tags?post=1530"}],"curies":[{"name":"wp","href":"https:\/\/api.w.org\/{rel}","templated":true}]}}