{"id":2490,"date":"2024-10-18T16:41:00","date_gmt":"2024-10-18T23:41:00","guid":{"rendered":"https:\/\/evwra.org\/?p=2490"},"modified":"2024-10-18T16:41:00","modified_gmt":"2024-10-18T23:41:00","slug":"gabriela-jilkova-ja-marta-garcia-testaavat-porsche-99x-electricia","status":"publish","type":"post","link":"https:\/\/evwra.org\/fi\/2024\/10\/18\/gabriela-jilkova-ja-marta-garcia-testaavat-porsche-99x-electricia\/","title":{"rendered":"Gabriela J\u00edlkov\u00e1 ja Marta Garc\u00eda testaavat Porsche 99X Electric -mallia."},"content":{"rendered":"<p>Porsche on nimitt\u00e4nyt Gabriela J\u00edlkov\u00e1n ja Marta Garc\u00edan koeajamaan Porsche 99X Electrici\u00e4. Heid\u00e4n esiintymisens\u00e4 on osa Formula E:n virallista Formula E:n kauden aikaista testiaikataulua Valenciassa, Espanjassa marraskuun alussa.<\/p>\n<p>T\u00e4yss\u00e4hk\u00f6inen maailmanmestaruuskilpailu omistaa osan testeist\u00e4 naiskuljettajille - edist\u00e4\u00e4kseen naisten osallistumista maailmanlaajuiseen huippuautoiluun. T\u0161ekkil\u00e4inen J\u00edlkov\u00e1 liittyy espanjalaisen Garc\u00edan seuraan, joka kuuluu Iron Dames -ryhm\u00e4\u00e4n. My\u00f6s menestyksek\u00e4s pink racing -hanke kilpailee naisten voimaannuttamiseksi moottoriurheilussa.<\/p>\n<p>Naiskuljettajille suunnattu istunto j\u00e4rjestet\u00e4\u00e4n 7. marraskuuta kello 14.00-17.00. Se on ensimm\u00e4inen laatuaan moottoriurheilun kattoj\u00e4rjest\u00f6n FIA:n j\u00e4rjest\u00e4m\u00e4ss\u00e4 mestaruuskilpailussa. Innovatiivinen Formula E -sarja haluaa poistaa naisilta esteit\u00e4 urheilussaan ja antaa heille mahdollisuuksia todistaa itse\u00e4\u00e4n. Valenciassa j\u00e4rjestett\u00e4v\u00e4ss\u00e4 aloitteessa jopa 22 naista ottaa ohjat 11 MM-tallin autoihin.<\/p>\n<p><strong><img fetchpriority=\"high\" decoding=\"async\" data-attachment-id=\"2491\" data-permalink=\"https:\/\/evwra.org\/fi\/2024\/10\/18\/gabriela-jilkova-ja-marta-garcia-testaavat-porsche-99x-electricia\/gabriela-jilkova-to-test-the-porsche-99x-electric\/\" data-orig-file=\"https:\/\/evwra.org\/wp-content\/uploads\/2024\/10\/Gabriela-Jilkova-to-test-the-Porsche-99X-Electric.webp\" data-orig-size=\"1035,582\" data-comments-opened=\"1\" data-image-meta=\"{&quot;aperture&quot;:&quot;0&quot;,&quot;credit&quot;:&quot;&quot;,&quot;camera&quot;:&quot;&quot;,&quot;caption&quot;:&quot;&quot;,&quot;created_timestamp&quot;:&quot;0&quot;,&quot;copyright&quot;:&quot;&quot;,&quot;focal_length&quot;:&quot;0&quot;,&quot;iso&quot;:&quot;0&quot;,&quot;shutter_speed&quot;:&quot;0&quot;,&quot;title&quot;:&quot;&quot;,&quot;orientation&quot;:&quot;0&quot;}\" data-image-title=\"Gabriela J\u00edlkov\u00e1 to test the Porsche 99X Electric\" data-image-description=\"\" data-image-caption=\"\" data-large-file=\"https:\/\/evwra.org\/wp-content\/uploads\/2024\/10\/Gabriela-Jilkova-to-test-the-Porsche-99X-Electric-1024x576.jpeg\" class=\"aligncenter size-large wp-image-2491\" src=\"https:\/\/evwra.org\/wp-content\/uploads\/2024\/10\/Gabriela-Jilkova-to-test-the-Porsche-99X-Electric-1024x576.jpeg\" alt=\"\" width=\"640\" height=\"360\" srcset=\"https:\/\/evwra.org\/wp-content\/uploads\/2024\/10\/Gabriela-Jilkova-to-test-the-Porsche-99X-Electric-1024x576.jpeg 1024w, https:\/\/evwra.org\/wp-content\/uploads\/2024\/10\/Gabriela-Jilkova-to-test-the-Porsche-99X-Electric-300x169.jpeg 300w, https:\/\/evwra.org\/wp-content\/uploads\/2024\/10\/Gabriela-Jilkova-to-test-the-Porsche-99X-Electric-768x432.jpeg 768w, https:\/\/evwra.org\/wp-content\/uploads\/2024\/10\/Gabriela-Jilkova-to-test-the-Porsche-99X-Electric-18x10.jpeg 18w, https:\/\/evwra.org\/wp-content\/uploads\/2024\/10\/Gabriela-Jilkova-to-test-the-Porsche-99X-Electric-600x337.jpeg 600w, https:\/\/evwra.org\/wp-content\/uploads\/2024\/10\/Gabriela-Jilkova-to-test-the-Porsche-99X-Electric.webp 1035w\" sizes=\"(max-width: 640px) 100vw, 640px\" \/><\/p>\n<p>Gabriela J\u00edlkov\u00e1<\/strong><\/p>\n<p>J\u00edlkov\u00e1 (29) ajoi viime vuonna Valenciassa 43 kierrosta ja 152 kilometri\u00e4 Porsche 99X Electricill\u00e4 - simulaattori- ja kehityskuljettajana TAG Heuerin Porsche Formula E -tiimiss\u00e4. Se oli h\u00e4nen ensimm\u00e4inen esiintymisens\u00e4 Porschen avoautolla. H\u00e4nell\u00e4 on kokemusta my\u00f6s GT- ja prototyyppikilpailuista, ja vuonna 2024 h\u00e4n kilpailee GT4-euroopan sarjassa sek\u00e4 muissa sarjoissa. Sveitsil\u00e4isen Simona de Silvestron ohella J\u00edlkovasta tuli Porschen Formula E -joukkueen toinen naiskuljettaja.<\/p>\n<p><strong><img decoding=\"async\" data-attachment-id=\"2494\" data-permalink=\"https:\/\/evwra.org\/fi\/2024\/10\/18\/gabriela-jilkova-ja-marta-garcia-testaavat-porsche-99x-electricia\/marta-garcia-to-test-the-porsche-99x-electric\/\" data-orig-file=\"https:\/\/evwra.org\/wp-content\/uploads\/2024\/10\/Marta-Garcia-to-test-the-Porsche-99X-Electric.webp\" data-orig-size=\"1035,582\" data-comments-opened=\"1\" data-image-meta=\"{&quot;aperture&quot;:&quot;0&quot;,&quot;credit&quot;:&quot;&quot;,&quot;camera&quot;:&quot;&quot;,&quot;caption&quot;:&quot;&quot;,&quot;created_timestamp&quot;:&quot;0&quot;,&quot;copyright&quot;:&quot;&quot;,&quot;focal_length&quot;:&quot;0&quot;,&quot;iso&quot;:&quot;0&quot;,&quot;shutter_speed&quot;:&quot;0&quot;,&quot;title&quot;:&quot;&quot;,&quot;orientation&quot;:&quot;0&quot;}\" data-image-title=\"Marta Garc\u00eda to test the Porsche 99X Electric\" data-image-description=\"\" data-image-caption=\"\" data-large-file=\"https:\/\/evwra.org\/wp-content\/uploads\/2024\/10\/Marta-Garcia-to-test-the-Porsche-99X-Electric-1024x576.jpeg\" class=\"aligncenter size-large wp-image-2494\" src=\"https:\/\/evwra.org\/wp-content\/uploads\/2024\/10\/Marta-Garcia-to-test-the-Porsche-99X-Electric-1024x576.jpeg\" alt=\"\" width=\"640\" height=\"360\" srcset=\"https:\/\/evwra.org\/wp-content\/uploads\/2024\/10\/Marta-Garcia-to-test-the-Porsche-99X-Electric-1024x576.jpeg 1024w, https:\/\/evwra.org\/wp-content\/uploads\/2024\/10\/Marta-Garcia-to-test-the-Porsche-99X-Electric-300x169.jpeg 300w, https:\/\/evwra.org\/wp-content\/uploads\/2024\/10\/Marta-Garcia-to-test-the-Porsche-99X-Electric-768x432.jpeg 768w, https:\/\/evwra.org\/wp-content\/uploads\/2024\/10\/Marta-Garcia-to-test-the-Porsche-99X-Electric-18x10.jpeg 18w, https:\/\/evwra.org\/wp-content\/uploads\/2024\/10\/Marta-Garcia-to-test-the-Porsche-99X-Electric-600x337.jpeg 600w, https:\/\/evwra.org\/wp-content\/uploads\/2024\/10\/Marta-Garcia-to-test-the-Porsche-99X-Electric.webp 1035w\" sizes=\"(max-width: 640px) 100vw, 640px\" \/><\/p>\n<p>Marta Garc\u00eda<\/strong><\/p>\n<p>\"Iron Dame\" Garc\u00eda (24) istui Formula E -auton rattiin ensimm\u00e4ist\u00e4 kertaa toukokuussa - s\u00e4hk\u00f6isen kilpasarjan virallisessa Rookie-testiss\u00e4 Berliiniss\u00e4. H\u00e4n on naisten Formula 1 -juniorisarjan, F1 Academyn (2023), ensimm\u00e4inen mestari, ja h\u00e4n on kilpaillut Iron Damesin v\u00e4reiss\u00e4 huhtikuusta l\u00e4htien; t\u00e4m\u00e4 on tiimi, jonka kanssa Porsche on aiemmin tehnyt yhteisty\u00f6t\u00e4. Garc\u00edan p\u00e4\u00e4paino on t\u00e4ll\u00e4 hetkell\u00e4 Formula Regional European Championship by Alpine -kilpailussa.<\/p>\n<p>Porsche 99X Electricin kolmas Formula E -sukupolvi, GEN3 Evo, debytoi virallisesti Valenciassa (maailman ensi-ilta 24. lokakuuta). J\u00edlkovan ja Garc\u00edan lis\u00e4ksi rattiin istuvat maailmanmestari Pascal Wehrlein ja tallikaveri Ant\u00f3nio F\u00e9lix da Costa. Testisessiot ajetaan 4.-7. marraskuuta.<\/p>\n<p><strong><img decoding=\"async\" data-attachment-id=\"2496\" data-permalink=\"https:\/\/evwra.org\/fi\/2024\/10\/18\/gabriela-jilkova-ja-marta-garcia-testaavat-porsche-99x-electricia\/florian-modlinger\/\" data-orig-file=\"https:\/\/evwra.org\/wp-content\/uploads\/2024\/10\/Florian-Modlinger.webp\" data-orig-size=\"1035,582\" data-comments-opened=\"1\" data-image-meta=\"{&quot;aperture&quot;:&quot;0&quot;,&quot;credit&quot;:&quot;&quot;,&quot;camera&quot;:&quot;&quot;,&quot;caption&quot;:&quot;&quot;,&quot;created_timestamp&quot;:&quot;0&quot;,&quot;copyright&quot;:&quot;&quot;,&quot;focal_length&quot;:&quot;0&quot;,&quot;iso&quot;:&quot;0&quot;,&quot;shutter_speed&quot;:&quot;0&quot;,&quot;title&quot;:&quot;&quot;,&quot;orientation&quot;:&quot;0&quot;}\" data-image-title=\"Florian Modlinger\" data-image-description=\"\" data-image-caption=\"\" data-large-file=\"https:\/\/evwra.org\/wp-content\/uploads\/2024\/10\/Florian-Modlinger-1024x576.jpeg\" class=\"aligncenter size-large wp-image-2496\" src=\"https:\/\/evwra.org\/wp-content\/uploads\/2024\/10\/Florian-Modlinger-1024x576.jpeg\" alt=\"\" width=\"640\" height=\"360\" srcset=\"https:\/\/evwra.org\/wp-content\/uploads\/2024\/10\/Florian-Modlinger-1024x576.jpeg 1024w, https:\/\/evwra.org\/wp-content\/uploads\/2024\/10\/Florian-Modlinger-300x169.jpeg 300w, https:\/\/evwra.org\/wp-content\/uploads\/2024\/10\/Florian-Modlinger-768x432.jpeg 768w, https:\/\/evwra.org\/wp-content\/uploads\/2024\/10\/Florian-Modlinger-18x10.jpeg 18w, https:\/\/evwra.org\/wp-content\/uploads\/2024\/10\/Florian-Modlinger-600x337.jpeg 600w, https:\/\/evwra.org\/wp-content\/uploads\/2024\/10\/Florian-Modlinger.webp 1035w\" sizes=\"(max-width: 640px) 100vw, 640px\" \/><\/p>\n<p>Florian Modlinger, Factory Motorsport Formula E:n johtaja:<\/strong>\u00a0\"Me Porschella uskomme vakaasti, ett\u00e4 monipuoliset tiimit ovat menestyksekk\u00e4\u00e4mpi\u00e4. Siksi tuemme eritt\u00e4in mielell\u00e4mme Formula E:n aloitetta. Olemme iloisia saadessamme Gabrielan j\u00e4lleen mukaan ja toivotamme Martan l\u00e4mpim\u00e4sti tervetulleeksi. Iron Dames on yksi suurimmista naisten tukijoista moottoriurheilussa. N\u00e4iden kahden kuljettajan lis\u00e4mielikuvista on vain hy\u00f6ty\u00e4 kauteen valmistautumisessamme. Samalla haluamme varmistaa, ett\u00e4 Gabriela ja Marta saavat mahdollisimman paljon irti t\u00e4st\u00e4 mahdollisuudesta itselleen.\"<\/p>\n<p><strong>Gabriela J\u00edlkov\u00e1:<\/strong> \"Olen todella iloinen, ett\u00e4 p\u00e4\u00e4sen j\u00e4lleen ajamaan Porsche 99X Electricill\u00e4. On aina kunnia edustaa Porschen tehdastiimi\u00e4. Odotan innolla, miten uusi auto toimii. On sanomattakin selv\u00e4\u00e4, ett\u00e4 olen my\u00f6s iloinen saadessani osallistua ensimm\u00e4isiin Formula E:n testisessioihin nimenomaan naisille.\"<\/p>\n<p><strong>Marta Garc\u00eda:<\/strong>\u00a0\"Olen eritt\u00e4in innoissani p\u00e4\u00e4stess\u00e4ni mukaan naisten Formula E -testiin. Ja viel\u00e4 iloisempi olen siit\u00e4, ett\u00e4 saan olla mukana t\u00e4ss\u00e4 TAG Heuer Porsche Formula E -tiimin kanssa. He ovat yksi alan parhaista tiimeist\u00e4, ja odotan todella innolla, ett\u00e4 p\u00e4\u00e4sen oppimaan heilt\u00e4 ja heid\u00e4n kanssaan. Olen uskomattoman kiitollinen Porschelle ja Iron Damesille t\u00e4st\u00e4 mahdollisuudesta. En malta odottaa, ett\u00e4 p\u00e4\u00e4sen ajamaan 99X Electricill\u00e4 - ja viel\u00e4p\u00e4 upealla kotiradallani.\"<\/p>\n<table width=\"600\">\n<tbody>\n<tr>\n<td><strong>Gabriela J\u00edlkov\u00e1 - Henkil\u00f6kohtaiset tiedot<\/strong><\/td>\n<td><strong>Marta Garc\u00eda - Henkil\u00f6kohtaiset tiedot<\/strong><\/td>\n<\/tr>\n<tr>\n<td>Syntym\u00e4aika: 2. huhtikuuta 1995<br \/>\nSyntym\u00e4paikka: Praha (T\u0161ekki)<br \/>\nKansalaisuus: T\u0161ekki<br \/>\nSiviilis\u00e4\u00e4ty: Siviilis\u00e4\u00e4ty: Naimaton<br \/>\nPituus ja paino: 169 cm ja 53 kg.<br \/>\nHarrastukset: Urheilu<br \/>\nInstagram: @QuickGabi<br \/>\nX: @QuickGabi<br \/>\nFacebook: @QuickGabi<\/td>\n<td>Syntym\u00e4aika: 9. elokuuta 2000<br \/>\nSyntym\u00e4paikka: D\u00e9nia (Espanja)<br \/>\nKansalaisuus: Espanjan<br \/>\nSiviilis\u00e4\u00e4ty: Siviilis\u00e4\u00e4ty: Naimaton<br \/>\nPituus ja paino: 164 cm ja 57 kg.<br \/>\nHarrastukset: Matkustaminen, kuntoilu<br \/>\nInstagram: @martagarcialopez19<br \/>\nX: @martaracing<br \/>\nFacebook: MartaGarcia: @OficialMartaGarcia<\/td>\n<\/tr>\n<\/tbody>\n<thead>\n<tr>\n<td><\/td>\n<td><\/td>\n<\/tr>\n<\/thead>\n<\/table>\n<p>&nbsp;<\/p>\n<p><strong>Porsche Formula E:ss\u00e4<\/strong><\/p>\n<p>Porsche ajaa kuudennen Formula E -kautensa vuosina 2024\/2025. TAG Heuer Porsche Formula E -tiimin lis\u00e4ksi amerikkalainen asiakasjoukkue Andretti Formula E kilpailee Porsche 99X Electric -autolla. Innovatiivisen s\u00e4hk\u00f6k\u00e4ytt\u00f6isen kilpa-auton konsepti kehitettiin yhti\u00f6n Weissachin tehtaalla, joka toimii hiilineutraalisti. Sitoutumalla maailmanmestaruuskilpailuun Porsche korostaa sitoutumistaan ottamaan perinteisten autonvalmistajien joukossa johtava rooli s\u00e4hk\u00f6ist\u00e4misen, kest\u00e4v\u00e4n kehityksen ja teknologian aloilla. Formula E:ss\u00e4 merkki saa arvokasta tietoa s\u00e4hk\u00f6k\u00e4ytt\u00f6isi\u00e4 sarjatuotantoautojaan varten.<\/p>\n<p>... SP:n muistiinpanot,<\/p>\n<p>#EVWRA, #Porsche, #TAG Heuer Porsche Formula E Team, #Gabriela J\u00edlkov\u00e1, #Marta Garc\u00eda, #Florian Modlinger, #World Speed Challenge, #Racing, #E Racing, #Moottoriurheilu, #E Motorsport, #E Motorsport, #EVWRA, #EWGP, #etcwsc, #egt4wsc, #egt3wsc, #egt2wsc, #egt1wsc, #egt4wec, #egt3wec, #egt2wec, #egt1wsc, #gt4hwsc, #gt3hwsc, #gt2hwsc, #gt1hwsc, #gt4hwec, #gt3hwec, #gt2hwec, #gt1hwec,<\/p>\n<p>World Speed Challenge (<a href=\"http:\/\/worldspeedchallenge.com\">worldspeedchallenge.com<\/a>)<br \/>\nE Racing Nation (<a href=\"http:\/\/eracingnation.com\">eracingnation.com<\/a>)<br \/>\nEV Festival of Speed (EVFOS) <a href=\"http:\/\/evfos.com\">evfos.com<\/a>)<br \/>\nEVWRA (<a href=\"http:\/\/evwra.org\/fi\/\">evwra.org<\/a>)<br \/>\nEWGP (<a href=\"http:\/\/ewgp.org\">ewgp.org<\/a>)<br \/>\nEVVTOL Tech Nation (<a href=\"http:\/\/evvtoltechnation.com\">evvtoltechnation.com<\/a>)<\/p>","protected":false},"excerpt":{"rendered":"<p>Porsche on nimitt\u00e4nyt Gabriela J\u00edlkov\u00e1 ja Marta Garc\u00edan koeajamaan Porsche 99X Electric.....<\/p>","protected":false},"author":165558846,"featured_media":2493,"comment_status":"open","ping_status":"open","sticky":false,"template":"","format":"standard","meta":{"_coblocks_attr":"","_coblocks_dimensions":"","_coblocks_responsive_height":"","_coblocks_accordion_ie_support":"","_crdt_document":"","advanced_seo_description":"","jetpack_seo_html_title":"","jetpack_seo_noindex":false,"_jetpack_newsletter_access":"","_jetpack_dont_email_post_to_subs":false,"_jetpack_newsletter_tier_id":0,"_jetpack_memberships_contains_paywalled_content":false,"two_page_speed":[],"_jetpack_memberships_contains_paid_content":false,"footnotes":"","jetpack_publicize_message":"","jetpack_publicize_feature_enabled":true,"jetpack_social_post_already_shared":true,"jetpack_social_options":{"image_generator_settings":{"template":"highway","default_image_id":0,"font":"","enabled":false},"version":2},"_wpas_customize_per_network":false,"jetpack_post_was_ever_published":false},"categories":[1365],"tags":[1796,2003,2006,2002,2005,2001,2004,2000,1999,1742,1998,2021,2019,2014,2010,2013,2009,2012,2008,2011,2020,1767,1775,1794,2018,1995,1746,2007],"class_list":["post-2490","post","type-post","status-publish","format-standard","has-post-thumbnail","hentry","category-formula-e","tag-e-motorsport","tag-egt1wsc","tag-egt2wec","tag-egt2wsc","tag-egt3wec","tag-egt3wsc","tag-egt4wec","tag-egt4wsc","tag-etcwsc","tag-evwra","tag-ewgp","tag-florian-modlinger","tag-gabriela-jilkova","tag-gt1hwec","tag-gt1hwsc","tag-gt2hwec","tag-gt2hwsc","tag-gt3hwec","tag-gt3hwsc","tag-gt4hwec","tag-marta-garcia","tag-motorsport","tag-porsche","tag-racing","tag-tag-heuer-porsche-formula-e-team","tag-world-speed-challenge","tag-e-racing","tag-gt4hwsc"],"jetpack_publicize_connections":[],"featured_image_urls":{"full":["https:\/\/evwra.org\/wp-content\/uploads\/2024\/10\/Gabriela-Jilkova-and-Marta-Garcia-to-test-the-Porsche-99X-Electric.webp",1920,1081,false],"thumbnail":["https:\/\/evwra.org\/wp-content\/uploads\/2024\/10\/Gabriela-Jilkova-and-Marta-Garcia-to-test-the-Porsche-99X-Electric-150x150.jpeg?crop=1",150,150,true],"medium":["https:\/\/evwra.org\/wp-content\/uploads\/2024\/10\/Gabriela-Jilkova-and-Marta-Garcia-to-test-the-Porsche-99X-Electric-300x169.jpeg",300,169,true],"medium_large":["https:\/\/evwra.org\/wp-content\/uploads\/2024\/10\/Gabriela-Jilkova-and-Marta-Garcia-to-test-the-Porsche-99X-Electric-768x432.jpeg",640,360,true],"large":["https:\/\/evwra.org\/wp-content\/uploads\/2024\/10\/Gabriela-Jilkova-and-Marta-Garcia-to-test-the-Porsche-99X-Electric-1024x576.jpeg",640,360,true],"1536x1536":["https:\/\/evwra.org\/wp-content\/uploads\/2024\/10\/Gabriela-Jilkova-and-Marta-Garcia-to-test-the-Porsche-99X-Electric-1536x864.jpeg",1536,864,true],"2048x2048":["https:\/\/evwra.org\/wp-content\/uploads\/2024\/10\/Gabriela-Jilkova-and-Marta-Garcia-to-test-the-Porsche-99X-Electric.webp",1920,1081,false],"trp-custom-language-flag":["https:\/\/evwra.org\/wp-content\/uploads\/2024\/10\/Gabriela-Jilkova-and-Marta-Garcia-to-test-the-Porsche-99X-Electric-18x10.jpeg",18,10,true],"newspack-article-block-landscape-large":["https:\/\/evwra.org\/wp-content\/uploads\/2024\/10\/Gabriela-Jilkova-and-Marta-Garcia-to-test-the-Porsche-99X-Electric.webp",1200,676,false],"newspack-article-block-portrait-large":["https:\/\/evwra.org\/wp-content\/uploads\/2024\/10\/Gabriela-Jilkova-and-Marta-Garcia-to-test-the-Porsche-99X-Electric.webp",900,507,false],"newspack-article-block-square-large":["https:\/\/evwra.org\/wp-content\/uploads\/2024\/10\/Gabriela-Jilkova-and-Marta-Garcia-to-test-the-Porsche-99X-Electric.webp",1200,676,false],"newspack-article-block-landscape-medium":["https:\/\/evwra.org\/wp-content\/uploads\/2024\/10\/Gabriela-Jilkova-and-Marta-Garcia-to-test-the-Porsche-99X-Electric.webp",800,450,false],"newspack-article-block-portrait-medium":["https:\/\/evwra.org\/wp-content\/uploads\/2024\/10\/Gabriela-Jilkova-and-Marta-Garcia-to-test-the-Porsche-99X-Electric.webp",600,338,false],"newspack-article-block-square-medium":["https:\/\/evwra.org\/wp-content\/uploads\/2024\/10\/Gabriela-Jilkova-and-Marta-Garcia-to-test-the-Porsche-99X-Electric.webp",800,450,false],"newspack-article-block-landscape-intermediate":["https:\/\/evwra.org\/wp-content\/uploads\/2024\/10\/Gabriela-Jilkova-and-Marta-Garcia-to-test-the-Porsche-99X-Electric.webp",600,338,false],"newspack-article-block-portrait-intermediate":["https:\/\/evwra.org\/wp-content\/uploads\/2024\/10\/Gabriela-Jilkova-and-Marta-Garcia-to-test-the-Porsche-99X-Electric.webp",450,253,false],"newspack-article-block-square-intermediate":["https:\/\/evwra.org\/wp-content\/uploads\/2024\/10\/Gabriela-Jilkova-and-Marta-Garcia-to-test-the-Porsche-99X-Electric.webp",600,338,false],"newspack-article-block-landscape-small":["https:\/\/evwra.org\/wp-content\/uploads\/2024\/10\/Gabriela-Jilkova-and-Marta-Garcia-to-test-the-Porsche-99X-Electric.webp",400,225,false],"newspack-article-block-portrait-small":["https:\/\/evwra.org\/wp-content\/uploads\/2024\/10\/Gabriela-Jilkova-and-Marta-Garcia-to-test-the-Porsche-99X-Electric.webp",300,169,false],"newspack-article-block-square-small":["https:\/\/evwra.org\/wp-content\/uploads\/2024\/10\/Gabriela-Jilkova-and-Marta-Garcia-to-test-the-Porsche-99X-Electric.webp",400,225,false],"newspack-article-block-landscape-tiny":["https:\/\/evwra.org\/wp-content\/uploads\/2024\/10\/Gabriela-Jilkova-and-Marta-Garcia-to-test-the-Porsche-99X-Electric.webp",200,113,false],"newspack-article-block-portrait-tiny":["https:\/\/evwra.org\/wp-content\/uploads\/2024\/10\/Gabriela-Jilkova-and-Marta-Garcia-to-test-the-Porsche-99X-Electric.webp",150,84,false],"newspack-article-block-square-tiny":["https:\/\/evwra.org\/wp-content\/uploads\/2024\/10\/Gabriela-Jilkova-and-Marta-Garcia-to-test-the-Porsche-99X-Electric.webp",200,113,false],"newspack-article-block-uncropped":["https:\/\/evwra.org\/wp-content\/uploads\/2024\/10\/Gabriela-Jilkova-and-Marta-Garcia-to-test-the-Porsche-99X-Electric.webp",1200,676,false],"enternews-featured":["https:\/\/evwra.org\/wp-content\/uploads\/2024\/10\/Gabriela-Jilkova-and-Marta-Garcia-to-test-the-Porsche-99X-Electric-1024x576.jpeg",1024,576,true],"enternews-medium":["https:\/\/evwra.org\/wp-content\/uploads\/2024\/10\/Gabriela-Jilkova-and-Marta-Garcia-to-test-the-Porsche-99X-Electric-720x475.jpeg?crop=1",720,475,true],"enternews-thumbnail":["https:\/\/evwra.org\/wp-content\/uploads\/2024\/10\/Gabriela-Jilkova-and-Marta-Garcia-to-test-the-Porsche-99X-Electric-480x315.jpeg?crop=1",480,315,true],"mailpoet_newsletter_max":["https:\/\/evwra.org\/wp-content\/uploads\/2024\/10\/Gabriela-Jilkova-and-Marta-Garcia-to-test-the-Porsche-99X-Electric-1320x743.jpeg",1320,743,true],"tenweb_optimizer_mobile":["https:\/\/evwra.org\/wp-content\/uploads\/2024\/10\/Gabriela-Jilkova-and-Marta-Garcia-to-test-the-Porsche-99X-Electric-600x338.jpeg",600,338,true],"tenweb_optimizer_tablet":["https:\/\/evwra.org\/wp-content\/uploads\/2024\/10\/Gabriela-Jilkova-and-Marta-Garcia-to-test-the-Porsche-99X-Electric-768x432.jpeg",768,432,true]},"author_info":{"display_name":"EVHNews","author_link":"https:\/\/evwra.org\/fi\/author\/evhnews\/"},"category_info":"<a href=\"https:\/\/evwra.org\/fi\/luokka\/evwra-e-automotive\/kaava-e\/\" rel=\"category tag\">Formula E<\/a>","tag_info":"Formula E","comment_count":"0","jetpack_featured_media_url":"https:\/\/evwra.org\/wp-content\/uploads\/2024\/10\/Gabriela-Jilkova-and-Marta-Garcia-to-test-the-Porsche-99X-Electric.webp","jetpack_likes_enabled":true,"jetpack_sharing_enabled":true,"jetpack_shortlink":"https:\/\/wp.me\/pepfs2-Ea","jetpack-related-posts":[],"amp_enabled":true,"_links":{"self":[{"href":"https:\/\/evwra.org\/fi\/wp-json\/wp\/v2\/posts\/2490","targetHints":{"allow":["GET"]}}],"collection":[{"href":"https:\/\/evwra.org\/fi\/wp-json\/wp\/v2\/posts"}],"about":[{"href":"https:\/\/evwra.org\/fi\/wp-json\/wp\/v2\/types\/post"}],"author":[{"embeddable":true,"href":"https:\/\/evwra.org\/fi\/wp-json\/wp\/v2\/users\/165558846"}],"replies":[{"embeddable":true,"href":"https:\/\/evwra.org\/fi\/wp-json\/wp\/v2\/comments?post=2490"}],"version-history":[{"count":3,"href":"https:\/\/evwra.org\/fi\/wp-json\/wp\/v2\/posts\/2490\/revisions"}],"predecessor-version":[{"id":2497,"href":"https:\/\/evwra.org\/fi\/wp-json\/wp\/v2\/posts\/2490\/revisions\/2497"}],"wp:featuredmedia":[{"embeddable":true,"href":"https:\/\/evwra.org\/fi\/wp-json\/wp\/v2\/media\/2493"}],"wp:attachment":[{"href":"https:\/\/evwra.org\/fi\/wp-json\/wp\/v2\/media?parent=2490"}],"wp:term":[{"taxonomy":"category","embeddable":true,"href":"https:\/\/evwra.org\/fi\/wp-json\/wp\/v2\/categories?post=2490"},{"taxonomy":"post_tag","embeddable":true,"href":"https:\/\/evwra.org\/fi\/wp-json\/wp\/v2\/tags?post=2490"}],"curies":[{"name":"wp","href":"https:\/\/api.w.org\/{rel}","templated":true}]}}