{"id":2490,"date":"2024-10-18T16:41:00","date_gmt":"2024-10-18T23:41:00","guid":{"rendered":"https:\/\/evwra.org\/?p=2490"},"modified":"2024-10-18T16:41:00","modified_gmt":"2024-10-18T23:41:00","slug":"gabriela-jilkova-e-marta-garcia-provano-la-porsche-99x-elettrica","status":"publish","type":"post","link":"https:\/\/evwra.org\/it\/2024\/10\/18\/gabriela-jilkova-e-marta-garcia-provano-la-porsche-99x-elettrica\/","title":{"rendered":"Gabriela J\u00edlkov\u00e1 e Marta Garc\u00eda provano la Porsche 99X Elettrica"},"content":{"rendered":"<p>Porsche ha nominato Gabriela J\u00edlkov\u00e1 e Marta Garc\u00eda per il test drive della Porsche 99X Electric. La loro apparizione fa parte del programma ufficiale di test pre-stagionali della Formula E a Valencia, in Spagna, all'inizio di novembre.<\/p>\n<p>Il campionato mondiale completamente elettrico dedica una parte dei test alle donne, per promuovere la presenza femminile nel motorsport d'\u00e9lite globale. La ceca J\u00edlkov\u00e1 si unir\u00e0 alla spagnola Garc\u00eda, che fa parte della squadra Iron Dames. Anche il progetto di successo delle corse rosa concorre a dare potere alle donne nel motorsport.<\/p>\n<p>La sessione dedicata alle donne pilota si terr\u00e0 tra le 14:00 e le 17:00 del 7 novembre. \u00c8 la prima di questo tipo in un campionato organizzato dall'organo di governo del motorsport, la FIA. L'innovativa serie di Formula E vuole eliminare gli ostacoli per le donne nel loro sport e dare loro l'opportunit\u00e0 di mettersi alla prova. L'iniziativa di Valencia vedr\u00e0 fino a 22 donne prendere il controllo delle auto di 11 squadre del campionato mondiale.<\/p>\n<p><strong><img fetchpriority=\"high\" decoding=\"async\" data-attachment-id=\"2491\" data-permalink=\"https:\/\/evwra.org\/it\/2024\/10\/18\/gabriela-jilkova-e-marta-garcia-provano-la-porsche-99x-elettrica\/gabriela-jilkova-to-test-the-porsche-99x-electric\/\" data-orig-file=\"https:\/\/evwra.org\/wp-content\/uploads\/2024\/10\/Gabriela-Jilkova-to-test-the-Porsche-99X-Electric.webp\" data-orig-size=\"1035,582\" data-comments-opened=\"1\" data-image-meta=\"{&quot;aperture&quot;:&quot;0&quot;,&quot;credit&quot;:&quot;&quot;,&quot;camera&quot;:&quot;&quot;,&quot;caption&quot;:&quot;&quot;,&quot;created_timestamp&quot;:&quot;0&quot;,&quot;copyright&quot;:&quot;&quot;,&quot;focal_length&quot;:&quot;0&quot;,&quot;iso&quot;:&quot;0&quot;,&quot;shutter_speed&quot;:&quot;0&quot;,&quot;title&quot;:&quot;&quot;,&quot;orientation&quot;:&quot;0&quot;}\" data-image-title=\"Gabriela J\u00edlkov\u00e1 to test the Porsche 99X Electric\" data-image-description=\"\" data-image-caption=\"\" data-large-file=\"https:\/\/evwra.org\/wp-content\/uploads\/2024\/10\/Gabriela-Jilkova-to-test-the-Porsche-99X-Electric-1024x576.jpeg\" class=\"aligncenter size-large wp-image-2491\" src=\"https:\/\/evwra.org\/wp-content\/uploads\/2024\/10\/Gabriela-Jilkova-to-test-the-Porsche-99X-Electric-1024x576.jpeg\" alt=\"\" width=\"640\" height=\"360\" srcset=\"https:\/\/evwra.org\/wp-content\/uploads\/2024\/10\/Gabriela-Jilkova-to-test-the-Porsche-99X-Electric-1024x576.jpeg 1024w, https:\/\/evwra.org\/wp-content\/uploads\/2024\/10\/Gabriela-Jilkova-to-test-the-Porsche-99X-Electric-300x169.jpeg 300w, https:\/\/evwra.org\/wp-content\/uploads\/2024\/10\/Gabriela-Jilkova-to-test-the-Porsche-99X-Electric-768x432.jpeg 768w, https:\/\/evwra.org\/wp-content\/uploads\/2024\/10\/Gabriela-Jilkova-to-test-the-Porsche-99X-Electric-18x10.jpeg 18w, https:\/\/evwra.org\/wp-content\/uploads\/2024\/10\/Gabriela-Jilkova-to-test-the-Porsche-99X-Electric-600x337.jpeg 600w, https:\/\/evwra.org\/wp-content\/uploads\/2024\/10\/Gabriela-Jilkova-to-test-the-Porsche-99X-Electric.webp 1035w\" sizes=\"(max-width: 640px) 100vw, 640px\" \/><\/p>\n<p>Gabriela J\u00edlkov\u00e1<\/strong>.<\/p>\n<p>J\u00edlkov\u00e1 (29 anni) ha completato 43 giri e 152 chilometri con la Porsche 99X Electric a Valencia l'anno scorso - come simulatore e pilota di sviluppo nel TAG Heuer Porsche Formula E Team. \u00c8 stata la sua prima apparizione su una vettura Porsche a ruote scoperte. Ha anche esperienza in gare GT e prototipi e nel 2024 parteciper\u00e0 alla GT4 European Series, oltre che ad altre serie. Insieme alla svizzera Simona de Silvestro, J\u00edlkov\u00e1 \u00e8 diventata la seconda donna pilota della squadra Porsche di Formula E.<\/p>\n<p><strong><img decoding=\"async\" data-attachment-id=\"2494\" data-permalink=\"https:\/\/evwra.org\/it\/2024\/10\/18\/gabriela-jilkova-e-marta-garcia-provano-la-porsche-99x-elettrica\/marta-garcia-to-test-the-porsche-99x-electric\/\" data-orig-file=\"https:\/\/evwra.org\/wp-content\/uploads\/2024\/10\/Marta-Garcia-to-test-the-Porsche-99X-Electric.webp\" data-orig-size=\"1035,582\" data-comments-opened=\"1\" data-image-meta=\"{&quot;aperture&quot;:&quot;0&quot;,&quot;credit&quot;:&quot;&quot;,&quot;camera&quot;:&quot;&quot;,&quot;caption&quot;:&quot;&quot;,&quot;created_timestamp&quot;:&quot;0&quot;,&quot;copyright&quot;:&quot;&quot;,&quot;focal_length&quot;:&quot;0&quot;,&quot;iso&quot;:&quot;0&quot;,&quot;shutter_speed&quot;:&quot;0&quot;,&quot;title&quot;:&quot;&quot;,&quot;orientation&quot;:&quot;0&quot;}\" data-image-title=\"Marta Garc\u00eda to test the Porsche 99X Electric\" data-image-description=\"\" data-image-caption=\"\" data-large-file=\"https:\/\/evwra.org\/wp-content\/uploads\/2024\/10\/Marta-Garcia-to-test-the-Porsche-99X-Electric-1024x576.jpeg\" class=\"aligncenter size-large wp-image-2494\" src=\"https:\/\/evwra.org\/wp-content\/uploads\/2024\/10\/Marta-Garcia-to-test-the-Porsche-99X-Electric-1024x576.jpeg\" alt=\"\" width=\"640\" height=\"360\" srcset=\"https:\/\/evwra.org\/wp-content\/uploads\/2024\/10\/Marta-Garcia-to-test-the-Porsche-99X-Electric-1024x576.jpeg 1024w, https:\/\/evwra.org\/wp-content\/uploads\/2024\/10\/Marta-Garcia-to-test-the-Porsche-99X-Electric-300x169.jpeg 300w, https:\/\/evwra.org\/wp-content\/uploads\/2024\/10\/Marta-Garcia-to-test-the-Porsche-99X-Electric-768x432.jpeg 768w, https:\/\/evwra.org\/wp-content\/uploads\/2024\/10\/Marta-Garcia-to-test-the-Porsche-99X-Electric-18x10.jpeg 18w, https:\/\/evwra.org\/wp-content\/uploads\/2024\/10\/Marta-Garcia-to-test-the-Porsche-99X-Electric-600x337.jpeg 600w, https:\/\/evwra.org\/wp-content\/uploads\/2024\/10\/Marta-Garcia-to-test-the-Porsche-99X-Electric.webp 1035w\" sizes=\"(max-width: 640px) 100vw, 640px\" \/><\/p>\n<p>Marta Garc\u00eda<\/strong>.<\/p>\n<p>\"Iron Dame\" Garc\u00eda (24 anni) si \u00e8 messa al volante di una Formula E per la prima volta a maggio, in occasione del Rookie Test ufficiale della serie elettrica a Berlino. \u00c8 la prima campionessa della serie junior di Formula 1 per donne, la F1 Academy (2023) e da aprile gareggia con i colori di Iron Dames, un team con cui Porsche ha gi\u00e0 collaborato in passato. Attualmente l'obiettivo principale di Garc\u00eda \u00e8 il Campionato Europeo di Formula Regional by Alpine.<\/p>\n<p>La terza generazione di veicoli di Formula E, la GEN3 Evo, della Porsche 99X Electric far\u00e0 il suo debutto ufficiale a Valencia (anteprima mondiale il 24 ottobre). Oltre a J\u00edlkov\u00e1 e Garc\u00eda, si metteranno al volante anche il campione del mondo Pascal Wehrlein e il compagno di squadra Ant\u00f3nio F\u00e9lix da Costa. Le sessioni di prova si terranno dal 4 al 7 novembre.<\/p>\n<p><strong><img decoding=\"async\" data-attachment-id=\"2496\" data-permalink=\"https:\/\/evwra.org\/it\/2024\/10\/18\/gabriela-jilkova-e-marta-garcia-provano-la-porsche-99x-elettrica\/florian-modlinger\/\" data-orig-file=\"https:\/\/evwra.org\/wp-content\/uploads\/2024\/10\/Florian-Modlinger.webp\" data-orig-size=\"1035,582\" data-comments-opened=\"1\" data-image-meta=\"{&quot;aperture&quot;:&quot;0&quot;,&quot;credit&quot;:&quot;&quot;,&quot;camera&quot;:&quot;&quot;,&quot;caption&quot;:&quot;&quot;,&quot;created_timestamp&quot;:&quot;0&quot;,&quot;copyright&quot;:&quot;&quot;,&quot;focal_length&quot;:&quot;0&quot;,&quot;iso&quot;:&quot;0&quot;,&quot;shutter_speed&quot;:&quot;0&quot;,&quot;title&quot;:&quot;&quot;,&quot;orientation&quot;:&quot;0&quot;}\" data-image-title=\"Florian Modlinger\" data-image-description=\"\" data-image-caption=\"\" data-large-file=\"https:\/\/evwra.org\/wp-content\/uploads\/2024\/10\/Florian-Modlinger-1024x576.jpeg\" class=\"aligncenter size-large wp-image-2496\" src=\"https:\/\/evwra.org\/wp-content\/uploads\/2024\/10\/Florian-Modlinger-1024x576.jpeg\" alt=\"\" width=\"640\" height=\"360\" srcset=\"https:\/\/evwra.org\/wp-content\/uploads\/2024\/10\/Florian-Modlinger-1024x576.jpeg 1024w, https:\/\/evwra.org\/wp-content\/uploads\/2024\/10\/Florian-Modlinger-300x169.jpeg 300w, https:\/\/evwra.org\/wp-content\/uploads\/2024\/10\/Florian-Modlinger-768x432.jpeg 768w, https:\/\/evwra.org\/wp-content\/uploads\/2024\/10\/Florian-Modlinger-18x10.jpeg 18w, https:\/\/evwra.org\/wp-content\/uploads\/2024\/10\/Florian-Modlinger-600x337.jpeg 600w, https:\/\/evwra.org\/wp-content\/uploads\/2024\/10\/Florian-Modlinger.webp 1035w\" sizes=\"(max-width: 640px) 100vw, 640px\" \/><\/p>\n<p>Florian Modlinger, direttore di Factory Motorsport Formula E:<\/strong>.\u00a0\"In Porsche crediamo fermamente che i team diversi abbiano pi\u00f9 successo. Per questo siamo molto felici di sostenere l'iniziativa della Formula E. Siamo lieti di avere nuovamente a bordo Gabriela e vorremmo dare un caloroso benvenuto a Marta. Le Iron Dames sono uno dei maggiori promotori delle donne nel motorsport. I nostri preparativi pre-stagionali non possono che trarre beneficio dalle impressioni aggiuntive di queste due pilota. Allo stesso tempo, vogliamo assicurarci che Gabriela e Marta traggano il massimo da questa opportunit\u00e0 per loro stesse\".<\/p>\n<p><strong>Gabriela J\u00edlkov\u00e1:<\/strong> \"Sono davvero felice di poter guidare di nuovo la Porsche 99X Electric. \u00c8 sempre un onore rappresentare il team Porsche Works. Non vedo l'ora di vedere le prestazioni della nuova vettura. Va da s\u00e9 che sono anche contenta di far parte delle prime sessioni di test di Formula E specificamente dedicate alle donne.\"<\/p>\n<p><strong>Marta Garc\u00eda:<\/strong>\u00a0\"Sono entusiasta di partecipare ai test di Formula E per le donne. E sono ancora pi\u00f9 felice di poter partecipare a questa iniziativa con il TAG Heuer Porsche Formula E Team. \u00c8 uno dei migliori team del settore e non vedo l'ora di imparare da loro e con loro. Sono incredibilmente grato a Porsche e alle Iron Dames per questa opportunit\u00e0. Non vedo l'ora di guidare la 99X Electric - e anche sulla mia fantastica pista di casa\".<\/p>\n<table width=\"600\">\n<tbody>\n<tr>\n<td><strong>Gabriela J\u00edlkov\u00e1 - Dati personali<\/strong><\/td>\n<td><strong>Marta Garc\u00eda - Dati personali<\/strong><\/td>\n<\/tr>\n<tr>\n<td>Data di nascita: 2 aprile 1995<br \/>\nLuogo di nascita: Praga (Cechia)<br \/>\nNazionalit\u00e0: Ceca<br \/>\nStato civile: Single<br \/>\nAltezza e peso: 169 cm e 53 kg<br \/>\nHobby: Sport<br \/>\nInstagram: @QuickGabi<br \/>\nX: @QuickGabi<br \/>\nFacebook: @QuickGabi<\/td>\n<td>Data di nascita: 9 agosto 2000<br \/>\nLuogo di nascita: D\u00e9nia (Spagna)<br \/>\nNazionalit\u00e0: Spagnolo<br \/>\nStato civile: Single<br \/>\nAltezza e peso: 164 cm e 57 kg<br \/>\nHobby: Viaggi, fitness<br \/>\nInstagram: @martagarcialopez19<br \/>\nX: @martaracing<br \/>\nFacebook: @OficialMartaGarcia<\/td>\n<\/tr>\n<\/tbody>\n<thead>\n<tr>\n<td><\/td>\n<td><\/td>\n<\/tr>\n<\/thead>\n<\/table>\n<p>&nbsp;<\/p>\n<p><strong>Porsche in Formula E<\/strong><\/p>\n<p>Porsche disputer\u00e0 la sua sesta stagione di Formula E nel 2024\/2025. Oltre al TAG Heuer Porsche Formula E Team, il team americano Andretti Formula E gareggia con la Porsche 99X Electric. Il concetto dell'innovativa auto da corsa elettrica \u00e8 stato sviluppato presso lo stabilimento di Weissach dell'azienda, che opera a emissioni zero. Con il suo impegno nel campionato mondiale, Porsche sottolinea il suo impegno ad assumere un ruolo di primo piano tra le case automobilistiche tradizionali nei settori dell'elettrificazione, della sostenibilit\u00e0 e della tecnologia. In Formula E, il marchio acquisisce preziose conoscenze per le sue auto sportive elettriche di serie.<\/p>\n<p>... Note da SP,<\/p>\n<p>#EVWRA, #Porsche, #TAG Heuer Porsche Formula E Team, #Gabriela J\u00edlkov\u00e1, #Marta Garc\u00eda, #Florian Modlinger, #World Speed Challenge, #Racing, #E Racing, #Motorsport, #E Motorsport, #EVWRA, #EWGP, #etcwsc, #egt4wsc, #egt3wsc, #egt2wsc, #egt1wsc, #egt4wec, #egt3wec, #egt2wec, #egt1wsc, #gt4hwsc, #gt3hwsc, #gt2hwsc, #gt1hwsc, #gt4hwec, #gt3hwec, #gt2hwec, #gt1hwec,<\/p>\n<p>Sfida mondiale di velocit\u00e0 (<a href=\"http:\/\/worldspeedchallenge.com\">worldspeedchallenge.com<\/a>)<br \/>\nE Racing Nation (<a href=\"http:\/\/eracingnation.com\">eracingnation.com<\/a>)<br \/>\nEV Festival of Speed (EVFOS) <a href=\"http:\/\/evfos.com\">evfos.com<\/a>)<br \/>\nEVWRA (<a href=\"http:\/\/evwra.org\/it\/\">evwra.org<\/a>)<br \/>\nEWGP (<a href=\"http:\/\/ewgp.org\">ewgp.org<\/a>)<br \/>\nEVVTOL Tech Nation (<a href=\"http:\/\/evvtoltechnation.com\">evvtoltechnation.com<\/a>)<\/p>","protected":false},"excerpt":{"rendered":"<p>Porsche ha nominato Gabriela J\u00edlkov\u00e1 e Marta Garc\u00eda per il test drive della Porsche 99X Electric....<\/p>","protected":false},"author":165558846,"featured_media":2493,"comment_status":"open","ping_status":"open","sticky":false,"template":"","format":"standard","meta":{"_coblocks_attr":"","_coblocks_dimensions":"","_coblocks_responsive_height":"","_coblocks_accordion_ie_support":"","_crdt_document":"","advanced_seo_description":"","jetpack_seo_html_title":"","jetpack_seo_noindex":false,"_jetpack_newsletter_access":"","_jetpack_dont_email_post_to_subs":false,"_jetpack_newsletter_tier_id":0,"_jetpack_memberships_contains_paywalled_content":false,"two_page_speed":[],"_jetpack_memberships_contains_paid_content":false,"footnotes":"","jetpack_publicize_message":"","jetpack_publicize_feature_enabled":true,"jetpack_social_post_already_shared":true,"jetpack_social_options":{"image_generator_settings":{"template":"highway","default_image_id":0,"font":"","enabled":false},"version":2},"_wpas_customize_per_network":false,"jetpack_post_was_ever_published":false},"categories":[1365],"tags":[1796,2003,2006,2002,2005,2001,2004,2000,1999,1742,1998,2021,2019,2014,2010,2013,2009,2012,2008,2011,2020,1767,1775,1794,2018,1995,1746,2007],"class_list":["post-2490","post","type-post","status-publish","format-standard","has-post-thumbnail","hentry","category-formula-e","tag-e-motorsport","tag-egt1wsc","tag-egt2wec","tag-egt2wsc","tag-egt3wec","tag-egt3wsc","tag-egt4wec","tag-egt4wsc","tag-etcwsc","tag-evwra","tag-ewgp","tag-florian-modlinger","tag-gabriela-jilkova","tag-gt1hwec","tag-gt1hwsc","tag-gt2hwec","tag-gt2hwsc","tag-gt3hwec","tag-gt3hwsc","tag-gt4hwec","tag-marta-garcia","tag-motorsport","tag-porsche","tag-racing","tag-tag-heuer-porsche-formula-e-team","tag-world-speed-challenge","tag-e-racing","tag-gt4hwsc"],"jetpack_publicize_connections":[],"featured_image_urls":{"full":["https:\/\/evwra.org\/wp-content\/uploads\/2024\/10\/Gabriela-Jilkova-and-Marta-Garcia-to-test-the-Porsche-99X-Electric.webp",1920,1081,false],"thumbnail":["https:\/\/evwra.org\/wp-content\/uploads\/2024\/10\/Gabriela-Jilkova-and-Marta-Garcia-to-test-the-Porsche-99X-Electric-150x150.jpeg?crop=1",150,150,true],"medium":["https:\/\/evwra.org\/wp-content\/uploads\/2024\/10\/Gabriela-Jilkova-and-Marta-Garcia-to-test-the-Porsche-99X-Electric-300x169.jpeg",300,169,true],"medium_large":["https:\/\/evwra.org\/wp-content\/uploads\/2024\/10\/Gabriela-Jilkova-and-Marta-Garcia-to-test-the-Porsche-99X-Electric-768x432.jpeg",640,360,true],"large":["https:\/\/evwra.org\/wp-content\/uploads\/2024\/10\/Gabriela-Jilkova-and-Marta-Garcia-to-test-the-Porsche-99X-Electric-1024x576.jpeg",640,360,true],"1536x1536":["https:\/\/evwra.org\/wp-content\/uploads\/2024\/10\/Gabriela-Jilkova-and-Marta-Garcia-to-test-the-Porsche-99X-Electric-1536x864.jpeg",1536,864,true],"2048x2048":["https:\/\/evwra.org\/wp-content\/uploads\/2024\/10\/Gabriela-Jilkova-and-Marta-Garcia-to-test-the-Porsche-99X-Electric.webp",1920,1081,false],"trp-custom-language-flag":["https:\/\/evwra.org\/wp-content\/uploads\/2024\/10\/Gabriela-Jilkova-and-Marta-Garcia-to-test-the-Porsche-99X-Electric-18x10.jpeg",18,10,true],"newspack-article-block-landscape-large":["https:\/\/evwra.org\/wp-content\/uploads\/2024\/10\/Gabriela-Jilkova-and-Marta-Garcia-to-test-the-Porsche-99X-Electric.webp",1200,676,false],"newspack-article-block-portrait-large":["https:\/\/evwra.org\/wp-content\/uploads\/2024\/10\/Gabriela-Jilkova-and-Marta-Garcia-to-test-the-Porsche-99X-Electric.webp",900,507,false],"newspack-article-block-square-large":["https:\/\/evwra.org\/wp-content\/uploads\/2024\/10\/Gabriela-Jilkova-and-Marta-Garcia-to-test-the-Porsche-99X-Electric.webp",1200,676,false],"newspack-article-block-landscape-medium":["https:\/\/evwra.org\/wp-content\/uploads\/2024\/10\/Gabriela-Jilkova-and-Marta-Garcia-to-test-the-Porsche-99X-Electric.webp",800,450,false],"newspack-article-block-portrait-medium":["https:\/\/evwra.org\/wp-content\/uploads\/2024\/10\/Gabriela-Jilkova-and-Marta-Garcia-to-test-the-Porsche-99X-Electric.webp",600,338,false],"newspack-article-block-square-medium":["https:\/\/evwra.org\/wp-content\/uploads\/2024\/10\/Gabriela-Jilkova-and-Marta-Garcia-to-test-the-Porsche-99X-Electric.webp",800,450,false],"newspack-article-block-landscape-intermediate":["https:\/\/evwra.org\/wp-content\/uploads\/2024\/10\/Gabriela-Jilkova-and-Marta-Garcia-to-test-the-Porsche-99X-Electric.webp",600,338,false],"newspack-article-block-portrait-intermediate":["https:\/\/evwra.org\/wp-content\/uploads\/2024\/10\/Gabriela-Jilkova-and-Marta-Garcia-to-test-the-Porsche-99X-Electric.webp",450,253,false],"newspack-article-block-square-intermediate":["https:\/\/evwra.org\/wp-content\/uploads\/2024\/10\/Gabriela-Jilkova-and-Marta-Garcia-to-test-the-Porsche-99X-Electric.webp",600,338,false],"newspack-article-block-landscape-small":["https:\/\/evwra.org\/wp-content\/uploads\/2024\/10\/Gabriela-Jilkova-and-Marta-Garcia-to-test-the-Porsche-99X-Electric.webp",400,225,false],"newspack-article-block-portrait-small":["https:\/\/evwra.org\/wp-content\/uploads\/2024\/10\/Gabriela-Jilkova-and-Marta-Garcia-to-test-the-Porsche-99X-Electric.webp",300,169,false],"newspack-article-block-square-small":["https:\/\/evwra.org\/wp-content\/uploads\/2024\/10\/Gabriela-Jilkova-and-Marta-Garcia-to-test-the-Porsche-99X-Electric.webp",400,225,false],"newspack-article-block-landscape-tiny":["https:\/\/evwra.org\/wp-content\/uploads\/2024\/10\/Gabriela-Jilkova-and-Marta-Garcia-to-test-the-Porsche-99X-Electric.webp",200,113,false],"newspack-article-block-portrait-tiny":["https:\/\/evwra.org\/wp-content\/uploads\/2024\/10\/Gabriela-Jilkova-and-Marta-Garcia-to-test-the-Porsche-99X-Electric.webp",150,84,false],"newspack-article-block-square-tiny":["https:\/\/evwra.org\/wp-content\/uploads\/2024\/10\/Gabriela-Jilkova-and-Marta-Garcia-to-test-the-Porsche-99X-Electric.webp",200,113,false],"newspack-article-block-uncropped":["https:\/\/evwra.org\/wp-content\/uploads\/2024\/10\/Gabriela-Jilkova-and-Marta-Garcia-to-test-the-Porsche-99X-Electric.webp",1200,676,false],"enternews-featured":["https:\/\/evwra.org\/wp-content\/uploads\/2024\/10\/Gabriela-Jilkova-and-Marta-Garcia-to-test-the-Porsche-99X-Electric-1024x576.jpeg",1024,576,true],"enternews-medium":["https:\/\/evwra.org\/wp-content\/uploads\/2024\/10\/Gabriela-Jilkova-and-Marta-Garcia-to-test-the-Porsche-99X-Electric-720x475.jpeg?crop=1",720,475,true],"enternews-thumbnail":["https:\/\/evwra.org\/wp-content\/uploads\/2024\/10\/Gabriela-Jilkova-and-Marta-Garcia-to-test-the-Porsche-99X-Electric-480x315.jpeg?crop=1",480,315,true],"mailpoet_newsletter_max":["https:\/\/evwra.org\/wp-content\/uploads\/2024\/10\/Gabriela-Jilkova-and-Marta-Garcia-to-test-the-Porsche-99X-Electric-1320x743.jpeg",1320,743,true],"tenweb_optimizer_mobile":["https:\/\/evwra.org\/wp-content\/uploads\/2024\/10\/Gabriela-Jilkova-and-Marta-Garcia-to-test-the-Porsche-99X-Electric-600x338.jpeg",600,338,true],"tenweb_optimizer_tablet":["https:\/\/evwra.org\/wp-content\/uploads\/2024\/10\/Gabriela-Jilkova-and-Marta-Garcia-to-test-the-Porsche-99X-Electric-768x432.jpeg",768,432,true]},"author_info":{"display_name":"EVHNews","author_link":"https:\/\/evwra.org\/it\/author\/evhnews\/"},"category_info":"<a href=\"https:\/\/evwra.org\/it\/categoria\/evwra-e-automotive\/formula-e\/\" rel=\"category tag\">Formula E<\/a>","tag_info":"Formula E","comment_count":"0","jetpack_featured_media_url":"https:\/\/evwra.org\/wp-content\/uploads\/2024\/10\/Gabriela-Jilkova-and-Marta-Garcia-to-test-the-Porsche-99X-Electric.webp","jetpack_likes_enabled":true,"jetpack_sharing_enabled":true,"jetpack_shortlink":"https:\/\/wp.me\/pepfs2-Ea","jetpack-related-posts":[],"amp_enabled":true,"_links":{"self":[{"href":"https:\/\/evwra.org\/it\/wp-json\/wp\/v2\/posts\/2490","targetHints":{"allow":["GET"]}}],"collection":[{"href":"https:\/\/evwra.org\/it\/wp-json\/wp\/v2\/posts"}],"about":[{"href":"https:\/\/evwra.org\/it\/wp-json\/wp\/v2\/types\/post"}],"author":[{"embeddable":true,"href":"https:\/\/evwra.org\/it\/wp-json\/wp\/v2\/users\/165558846"}],"replies":[{"embeddable":true,"href":"https:\/\/evwra.org\/it\/wp-json\/wp\/v2\/comments?post=2490"}],"version-history":[{"count":3,"href":"https:\/\/evwra.org\/it\/wp-json\/wp\/v2\/posts\/2490\/revisions"}],"predecessor-version":[{"id":2497,"href":"https:\/\/evwra.org\/it\/wp-json\/wp\/v2\/posts\/2490\/revisions\/2497"}],"wp:featuredmedia":[{"embeddable":true,"href":"https:\/\/evwra.org\/it\/wp-json\/wp\/v2\/media\/2493"}],"wp:attachment":[{"href":"https:\/\/evwra.org\/it\/wp-json\/wp\/v2\/media?parent=2490"}],"wp:term":[{"taxonomy":"category","embeddable":true,"href":"https:\/\/evwra.org\/it\/wp-json\/wp\/v2\/categories?post=2490"},{"taxonomy":"post_tag","embeddable":true,"href":"https:\/\/evwra.org\/it\/wp-json\/wp\/v2\/tags?post=2490"}],"curies":[{"name":"wp","href":"https:\/\/api.w.org\/{rel}","templated":true}]}}