{"id":1732,"date":"2023-09-19T21:20:42","date_gmt":"2023-09-20T04:20:42","guid":{"rendered":"https:\/\/evwra.org\/?p=1732"},"modified":"2023-09-19T21:20:42","modified_gmt":"2023-09-20T04:20:42","slug":"teslacorsa-celebra-o-30o-evento-da-pista-de-corrida-da-tesla-na-california","status":"publish","type":"post","link":"https:\/\/evwra.org\/pt\/2023\/09\/19\/teslacorsa-celebra-o-30o-evento-da-pista-de-corrida-da-tesla-na-california\/","title":{"rendered":"TeslaCorsa comemora o 30\u00ba evento da Tesla Racetrack na Calif\u00f3rnia"},"content":{"rendered":"<p>A TeslaCorsa, criadora de eventos de pista voltados para a Tesla, comemorou seu 30\u00ba evento na Calif\u00f3rnia com um fim de semana emocionante no Buttonwillow Raceway Park, em Central Valley. Esse evento marcou mais um passo em sua miss\u00e3o de incentivar os propriet\u00e1rios de Tesla a ver as imensas capacidades de seus ve\u00edculos na pista de corrida em um ambiente seguro e amig\u00e1vel para iniciantes. A exibi\u00e7\u00e3o dos Teslas nas pistas de corrida tamb\u00e9m promove suas imensas capacidades para as comunidades de entusiastas do automobilismo e de condu\u00e7\u00e3o.<\/p>\n<p><img fetchpriority=\"high\" decoding=\"async\" data-attachment-id=\"1735\" data-permalink=\"https:\/\/evwra.org\/pt\/2023\/09\/19\/teslacorsa-celebra-o-30o-evento-da-pista-de-corrida-da-tesla-na-california\/teslacorsa-celebrates-30th-tesla-racetrack-event-in-california-track\/\" data-orig-file=\"https:\/\/evwra.org\/wp-content\/uploads\/2023\/09\/TeslaCorsa-Celebrates-30th-Tesla-Racetrack-Event-in-California-Track.jpg\" data-orig-size=\"3500,2333\" data-comments-opened=\"1\" data-image-meta=\"{&quot;aperture&quot;:&quot;0&quot;,&quot;credit&quot;:&quot;&quot;,&quot;camera&quot;:&quot;&quot;,&quot;caption&quot;:&quot;&quot;,&quot;created_timestamp&quot;:&quot;0&quot;,&quot;copyright&quot;:&quot;&quot;,&quot;focal_length&quot;:&quot;0&quot;,&quot;iso&quot;:&quot;0&quot;,&quot;shutter_speed&quot;:&quot;0&quot;,&quot;title&quot;:&quot;&quot;,&quot;orientation&quot;:&quot;0&quot;}\" data-image-title=\"TeslaCorsa Celebrates 30th Tesla Racetrack Event in California Track\" data-image-description=\"\" data-image-caption=\"\" data-large-file=\"https:\/\/evwra.org\/wp-content\/uploads\/2023\/09\/TeslaCorsa-Celebrates-30th-Tesla-Racetrack-Event-in-California-Track-1024x683.jpg\" class=\"size-full wp-image-1735 alignnone\" src=\"https:\/\/evwra.org\/wp-content\/uploads\/2023\/09\/TeslaCorsa-Celebrates-30th-Tesla-Racetrack-Event-in-California-Track.jpg\" alt=\"\" width=\"3500\" height=\"2333\" srcset=\"https:\/\/evwra.org\/wp-content\/uploads\/2023\/09\/TeslaCorsa-Celebrates-30th-Tesla-Racetrack-Event-in-California-Track.jpg 3500w, https:\/\/evwra.org\/wp-content\/uploads\/2023\/09\/TeslaCorsa-Celebrates-30th-Tesla-Racetrack-Event-in-California-Track-300x200.jpg 300w, https:\/\/evwra.org\/wp-content\/uploads\/2023\/09\/TeslaCorsa-Celebrates-30th-Tesla-Racetrack-Event-in-California-Track-1024x683.jpg 1024w, https:\/\/evwra.org\/wp-content\/uploads\/2023\/09\/TeslaCorsa-Celebrates-30th-Tesla-Racetrack-Event-in-California-Track-768x512.jpg 768w, https:\/\/evwra.org\/wp-content\/uploads\/2023\/09\/TeslaCorsa-Celebrates-30th-Tesla-Racetrack-Event-in-California-Track-1536x1024.jpg 1536w, https:\/\/evwra.org\/wp-content\/uploads\/2023\/09\/TeslaCorsa-Celebrates-30th-Tesla-Racetrack-Event-in-California-Track-2048x1365.jpg 2048w, https:\/\/evwra.org\/wp-content\/uploads\/2023\/09\/TeslaCorsa-Celebrates-30th-Tesla-Racetrack-Event-in-California-Track-1200x800.jpg 1200w, https:\/\/evwra.org\/wp-content\/uploads\/2023\/09\/TeslaCorsa-Celebrates-30th-Tesla-Racetrack-Event-in-California-Track-600x400.jpg 600w\" sizes=\"(max-width: 3500px) 100vw, 3500px\" \/><\/p>\n<p><img decoding=\"async\" data-attachment-id=\"1736\" data-permalink=\"https:\/\/evwra.org\/pt\/2023\/09\/19\/teslacorsa-celebra-o-30o-evento-da-pista-de-corrida-da-tesla-na-california\/teslacorsa-celebrates-30th-tesla-racetrack-event-in-california-pit\/\" data-orig-file=\"https:\/\/evwra.org\/wp-content\/uploads\/2023\/09\/TeslaCorsa-Celebrates-30th-Tesla-Racetrack-Event-in-California-Pit.jpg\" data-orig-size=\"3500,2333\" data-comments-opened=\"1\" data-image-meta=\"{&quot;aperture&quot;:&quot;0&quot;,&quot;credit&quot;:&quot;&quot;,&quot;camera&quot;:&quot;&quot;,&quot;caption&quot;:&quot;&quot;,&quot;created_timestamp&quot;:&quot;0&quot;,&quot;copyright&quot;:&quot;&quot;,&quot;focal_length&quot;:&quot;0&quot;,&quot;iso&quot;:&quot;0&quot;,&quot;shutter_speed&quot;:&quot;0&quot;,&quot;title&quot;:&quot;&quot;,&quot;orientation&quot;:&quot;0&quot;}\" data-image-title=\"TeslaCorsa Celebrates 30th Tesla Racetrack Event in California Pit\" data-image-description=\"\" data-image-caption=\"\" data-large-file=\"https:\/\/evwra.org\/wp-content\/uploads\/2023\/09\/TeslaCorsa-Celebrates-30th-Tesla-Racetrack-Event-in-California-Pit-1024x683.jpg\" class=\"size-full wp-image-1736 alignnone\" src=\"https:\/\/evwra.org\/wp-content\/uploads\/2023\/09\/TeslaCorsa-Celebrates-30th-Tesla-Racetrack-Event-in-California-Pit.jpg\" alt=\"\" width=\"3500\" height=\"2333\" srcset=\"https:\/\/evwra.org\/wp-content\/uploads\/2023\/09\/TeslaCorsa-Celebrates-30th-Tesla-Racetrack-Event-in-California-Pit.jpg 3500w, https:\/\/evwra.org\/wp-content\/uploads\/2023\/09\/TeslaCorsa-Celebrates-30th-Tesla-Racetrack-Event-in-California-Pit-300x200.jpg 300w, https:\/\/evwra.org\/wp-content\/uploads\/2023\/09\/TeslaCorsa-Celebrates-30th-Tesla-Racetrack-Event-in-California-Pit-1024x683.jpg 1024w, https:\/\/evwra.org\/wp-content\/uploads\/2023\/09\/TeslaCorsa-Celebrates-30th-Tesla-Racetrack-Event-in-California-Pit-768x512.jpg 768w, https:\/\/evwra.org\/wp-content\/uploads\/2023\/09\/TeslaCorsa-Celebrates-30th-Tesla-Racetrack-Event-in-California-Pit-1536x1024.jpg 1536w, https:\/\/evwra.org\/wp-content\/uploads\/2023\/09\/TeslaCorsa-Celebrates-30th-Tesla-Racetrack-Event-in-California-Pit-2048x1365.jpg 2048w, https:\/\/evwra.org\/wp-content\/uploads\/2023\/09\/TeslaCorsa-Celebrates-30th-Tesla-Racetrack-Event-in-California-Pit-1200x800.jpg 1200w, https:\/\/evwra.org\/wp-content\/uploads\/2023\/09\/TeslaCorsa-Celebrates-30th-Tesla-Racetrack-Event-in-California-Pit-600x400.jpg 600w\" sizes=\"(max-width: 3500px) 100vw, 3500px\" \/><\/p>\n<h6 style=\"text-align: center;\"><img decoding=\"async\" data-attachment-id=\"1737\" data-permalink=\"https:\/\/evwra.org\/pt\/2023\/09\/19\/teslacorsa-celebra-o-30o-evento-da-pista-de-corrida-da-tesla-na-california\/teslacorsa-celebrates-30th-tesla-racetrack-event-in-california-track-2\/\" data-orig-file=\"https:\/\/evwra.org\/wp-content\/uploads\/2023\/09\/TeslaCorsa-Celebrates-30th-Tesla-Racetrack-Event-in-California-Track-2.jpg\" data-orig-size=\"3500,2333\" data-comments-opened=\"1\" data-image-meta=\"{&quot;aperture&quot;:&quot;0&quot;,&quot;credit&quot;:&quot;&quot;,&quot;camera&quot;:&quot;&quot;,&quot;caption&quot;:&quot;&quot;,&quot;created_timestamp&quot;:&quot;0&quot;,&quot;copyright&quot;:&quot;&quot;,&quot;focal_length&quot;:&quot;0&quot;,&quot;iso&quot;:&quot;0&quot;,&quot;shutter_speed&quot;:&quot;0&quot;,&quot;title&quot;:&quot;&quot;,&quot;orientation&quot;:&quot;0&quot;}\" data-image-title=\"TeslaCorsa Celebrates 30th Tesla Racetrack Event in California Track 2\" data-image-description=\"\" data-image-caption=\"\" data-large-file=\"https:\/\/evwra.org\/wp-content\/uploads\/2023\/09\/TeslaCorsa-Celebrates-30th-Tesla-Racetrack-Event-in-California-Track-2-1024x683.jpg\" class=\"aligncenter size-full wp-image-1737\" src=\"https:\/\/evwra.org\/wp-content\/uploads\/2023\/09\/TeslaCorsa-Celebrates-30th-Tesla-Racetrack-Event-in-California-Track-2.jpg\" alt=\"\" width=\"3500\" height=\"2333\" srcset=\"https:\/\/evwra.org\/wp-content\/uploads\/2023\/09\/TeslaCorsa-Celebrates-30th-Tesla-Racetrack-Event-in-California-Track-2.jpg 3500w, https:\/\/evwra.org\/wp-content\/uploads\/2023\/09\/TeslaCorsa-Celebrates-30th-Tesla-Racetrack-Event-in-California-Track-2-300x200.jpg 300w, https:\/\/evwra.org\/wp-content\/uploads\/2023\/09\/TeslaCorsa-Celebrates-30th-Tesla-Racetrack-Event-in-California-Track-2-1024x683.jpg 1024w, https:\/\/evwra.org\/wp-content\/uploads\/2023\/09\/TeslaCorsa-Celebrates-30th-Tesla-Racetrack-Event-in-California-Track-2-768x512.jpg 768w, https:\/\/evwra.org\/wp-content\/uploads\/2023\/09\/TeslaCorsa-Celebrates-30th-Tesla-Racetrack-Event-in-California-Track-2-1536x1024.jpg 1536w, https:\/\/evwra.org\/wp-content\/uploads\/2023\/09\/TeslaCorsa-Celebrates-30th-Tesla-Racetrack-Event-in-California-Track-2-2048x1365.jpg 2048w, https:\/\/evwra.org\/wp-content\/uploads\/2023\/09\/TeslaCorsa-Celebrates-30th-Tesla-Racetrack-Event-in-California-Track-2-1200x800.jpg 1200w, https:\/\/evwra.org\/wp-content\/uploads\/2023\/09\/TeslaCorsa-Celebrates-30th-Tesla-Racetrack-Event-in-California-Track-2-600x400.jpg 600w\" sizes=\"(max-width: 3500px) 100vw, 3500px\" \/><br \/>\n<img loading=\"lazy\" decoding=\"async\" data-attachment-id=\"1738\" data-permalink=\"https:\/\/evwra.org\/pt\/2023\/09\/19\/teslacorsa-celebra-o-30o-evento-da-pista-de-corrida-da-tesla-na-california\/teslacorsa-celebrates-30th-tesla-racetrack-event-in-california-track-3\/\" data-orig-file=\"https:\/\/evwra.org\/wp-content\/uploads\/2023\/09\/TeslaCorsa-Celebrates-30th-Tesla-Racetrack-Event-in-California-Track-3.jpg\" data-orig-size=\"3500,2333\" data-comments-opened=\"1\" data-image-meta=\"{&quot;aperture&quot;:&quot;0&quot;,&quot;credit&quot;:&quot;&quot;,&quot;camera&quot;:&quot;&quot;,&quot;caption&quot;:&quot;&quot;,&quot;created_timestamp&quot;:&quot;0&quot;,&quot;copyright&quot;:&quot;&quot;,&quot;focal_length&quot;:&quot;0&quot;,&quot;iso&quot;:&quot;0&quot;,&quot;shutter_speed&quot;:&quot;0&quot;,&quot;title&quot;:&quot;&quot;,&quot;orientation&quot;:&quot;0&quot;}\" data-image-title=\"TeslaCorsa Celebrates 30th Tesla Racetrack Event in California Track 3\" data-image-description=\"\" data-image-caption=\"\" data-large-file=\"https:\/\/evwra.org\/wp-content\/uploads\/2023\/09\/TeslaCorsa-Celebrates-30th-Tesla-Racetrack-Event-in-California-Track-3-1024x683.jpg\" class=\"size-full wp-image-1738 alignnone\" src=\"https:\/\/evwra.org\/wp-content\/uploads\/2023\/09\/TeslaCorsa-Celebrates-30th-Tesla-Racetrack-Event-in-California-Track-3.jpg\" alt=\"\" width=\"3500\" height=\"2333\" srcset=\"https:\/\/evwra.org\/wp-content\/uploads\/2023\/09\/TeslaCorsa-Celebrates-30th-Tesla-Racetrack-Event-in-California-Track-3.jpg 3500w, https:\/\/evwra.org\/wp-content\/uploads\/2023\/09\/TeslaCorsa-Celebrates-30th-Tesla-Racetrack-Event-in-California-Track-3-300x200.jpg 300w, https:\/\/evwra.org\/wp-content\/uploads\/2023\/09\/TeslaCorsa-Celebrates-30th-Tesla-Racetrack-Event-in-California-Track-3-1024x683.jpg 1024w, https:\/\/evwra.org\/wp-content\/uploads\/2023\/09\/TeslaCorsa-Celebrates-30th-Tesla-Racetrack-Event-in-California-Track-3-768x512.jpg 768w, https:\/\/evwra.org\/wp-content\/uploads\/2023\/09\/TeslaCorsa-Celebrates-30th-Tesla-Racetrack-Event-in-California-Track-3-1536x1024.jpg 1536w, https:\/\/evwra.org\/wp-content\/uploads\/2023\/09\/TeslaCorsa-Celebrates-30th-Tesla-Racetrack-Event-in-California-Track-3-2048x1365.jpg 2048w, https:\/\/evwra.org\/wp-content\/uploads\/2023\/09\/TeslaCorsa-Celebrates-30th-Tesla-Racetrack-Event-in-California-Track-3-1200x800.jpg 1200w, https:\/\/evwra.org\/wp-content\/uploads\/2023\/09\/TeslaCorsa-Celebrates-30th-Tesla-Racetrack-Event-in-California-Track-3-600x400.jpg 600w\" sizes=\"(max-width: 3500px) 100vw, 3500px\" \/><br \/>\nCr\u00e9dito da imagem: Propriet\u00e1rios da Tesla no Vale do Sil\u00edcio<\/h6>\n<p>&nbsp;<\/p>\n<p>Os eventos da TeslaCorsa s\u00e3o conhecidos por receberem todos os propriet\u00e1rios e motoristas de Tesla, promovendo uma comunidade vibrante e expandindo o conhecimento sobre dire\u00e7\u00e3o de alto desempenho. A dedica\u00e7\u00e3o da organiza\u00e7\u00e3o em fortalecer a comunidade da Tesla ficou evidente quando 43 Teslas entraram na pista simultaneamente na primeira volta de desfile da TeslaCorsa.<\/p>\n<p>Com o envolvimento dos propriet\u00e1rios de Tesla do Vale do Sil\u00edcio, que trouxeram muitos participantes de Tesla do norte da Calif\u00f3rnia, uma das caracter\u00edsticas de destaque desse evento foi a proximidade de uma esta\u00e7\u00e3o de Supercharging da Tesla logo na entrada do Buttonwillow Raceway Park. Esse incr\u00edvel acesso \u00e0 recarga de alta velocidade garantiu uma recarga r\u00e1pida e sem complica\u00e7\u00f5es entre as emocionantes sess\u00f5es de pista, refor\u00e7ando o compromisso da TeslaCorsa em oferecer a melhor experi\u00eancia de track day da Tesla.<\/p>\n<p>Embora a TeslaCorsa realize eventos principalmente na Costa Oeste, ela tamb\u00e9m se expandiu para a Costa Leste, com eventos no Atlanta Motorsports Park, que conta com uma rede de carregamento de ve\u00edculos el\u00e9tricos no local. Al\u00e9m disso, eles deixaram suas marcas de pneus no cen\u00e1rio internacional da Tesla. O evento #3 da TeslaCorsa Europe est\u00e1 sendo realizado este m\u00eas na \u00c1ustria, em Salzburgring.<\/p>\n<p>A Unplugged Performance, conhecida por seu carro de corrida recorde em Pikes Peak, conhecido como \"Dark Helmet\", participou com orgulho da TeslaCorsa 30. Com o piloto de desenvolvimento da UP, Craig Coker, ao volante, o Dark Helmet estabeleceu um tempo de volta de 1:43, superando carros como o Porsche 911 Cup da gera\u00e7\u00e3o atual, preparados para corridas, e outros carros de corrida impressionantemente r\u00e1pidos presentes naquele dia, consolidando ainda mais a miss\u00e3o da TeslaCorsa de mostrar as proezas da Tesla nas pistas.<\/p>\n<p>A TeslaCorsa realizar\u00e1 seu 31\u00ba evento na Calif\u00f3rnia em 21 de outubro no Buttonwillow Raceway Park. Para obter mais informa\u00e7\u00f5es sobre a Tesla Corsa e seus pr\u00f3ximos eventos, acesse\u00a0<a href=\"http:\/\/teslacorsa.com\/\">teslacorsa.com<\/a>.<\/p>\n<p>Mais informa\u00e7\u00f5es sobre a Tesla Owners of Silicon Valley podem ser encontradas em\u00a0<a href=\"https:\/\/www.teslasiliconvalley.com\/\">teslasiliconvalley.com<\/a>.<\/p>\n<p>Mais informa\u00e7\u00f5es sobre o Unplugged Performance podem ser encontradas em\u00a0<a href=\"http:\/\/unpluggedperformance.com\/\">unpluggedperformance.com<\/a>.<\/p>\n<p>...notas de SP.<br \/>\n<img loading=\"lazy\" decoding=\"async\" data-attachment-id=\"1322\" data-permalink=\"https:\/\/evwra.org\/pt\/2023\/05\/31\/audi-rs-q-e-trons-analise-consistente-da-causa-raiz-no-teste-audi-sports-dakar\/e-racing-nation-media-logo\/\" data-orig-file=\"https:\/\/evwra.org\/wp-content\/uploads\/2023\/05\/E-Racing-Nation-Media-Logo-.png\" data-orig-size=\"100,67\" data-comments-opened=\"1\" data-image-meta=\"{&quot;aperture&quot;:&quot;0&quot;,&quot;credit&quot;:&quot;&quot;,&quot;camera&quot;:&quot;&quot;,&quot;caption&quot;:&quot;&quot;,&quot;created_timestamp&quot;:&quot;0&quot;,&quot;copyright&quot;:&quot;&quot;,&quot;focal_length&quot;:&quot;0&quot;,&quot;iso&quot;:&quot;0&quot;,&quot;shutter_speed&quot;:&quot;0&quot;,&quot;title&quot;:&quot;&quot;,&quot;orientation&quot;:&quot;0&quot;}\" data-image-title=\"E Racing Nation Media Logo\" data-image-description=\"\" data-image-caption=\"\" data-large-file=\"https:\/\/evwra.org\/wp-content\/uploads\/2023\/05\/E-Racing-Nation-Media-Logo-.png\" class=\"size-full wp-image-1322 alignleft\" src=\"https:\/\/evwra.org\/wp-content\/uploads\/2023\/05\/E-Racing-Nation-Media-Logo-.png\" alt=\"\" width=\"100\" height=\"67\" \/><\/p>\n<p>&nbsp;<\/p>","protected":false},"excerpt":{"rendered":"<p>TeslaCorsa, the originator of Tesla-focused track events, celebrated its 30th event in California with a&#8230;<\/p>","protected":false},"author":165558846,"featured_media":1734,"comment_status":"open","ping_status":"open","sticky":false,"template":"","format":"standard","meta":{"_coblocks_attr":"","_coblocks_dimensions":"","_coblocks_responsive_height":"","_coblocks_accordion_ie_support":"","_crdt_document":"","advanced_seo_description":"","jetpack_seo_html_title":"","jetpack_seo_noindex":false,"_jetpack_newsletter_access":"","_jetpack_dont_email_post_to_subs":false,"_jetpack_newsletter_tier_id":0,"_jetpack_memberships_contains_paywalled_content":false,"two_page_speed":[],"_jetpack_memberships_contains_paid_content":false,"footnotes":"","jetpack_publicize_message":"","jetpack_publicize_feature_enabled":true,"jetpack_social_post_already_shared":true,"jetpack_social_options":{"image_generator_settings":{"template":"highway","default_image_id":0,"font":"","enabled":false},"version":2},"_wpas_customize_per_network":false,"jetpack_post_was_ever_published":false},"categories":[1361],"tags":[],"class_list":["post-1732","post","type-post","status-publish","format-standard","has-post-thumbnail","hentry","category-evwra-e-automotive"],"jetpack_publicize_connections":[],"featured_image_urls":{"full":["https:\/\/evwra.org\/wp-content\/uploads\/2023\/09\/TeslaCorsa-Celebrates-30th-Tesla-Racetrack-Event-in-California.jpg",3500,2704,false],"thumbnail":["https:\/\/evwra.org\/wp-content\/uploads\/2023\/09\/TeslaCorsa-Celebrates-30th-Tesla-Racetrack-Event-in-California-150x150.jpg?crop=1",150,150,true],"medium":["https:\/\/evwra.org\/wp-content\/uploads\/2023\/09\/TeslaCorsa-Celebrates-30th-Tesla-Racetrack-Event-in-California-300x232.jpg",300,232,true],"medium_large":["https:\/\/evwra.org\/wp-content\/uploads\/2023\/09\/TeslaCorsa-Celebrates-30th-Tesla-Racetrack-Event-in-California-768x593.jpg",640,494,true],"large":["https:\/\/evwra.org\/wp-content\/uploads\/2023\/09\/TeslaCorsa-Celebrates-30th-Tesla-Racetrack-Event-in-California-1024x791.jpg",640,494,true],"1536x1536":["https:\/\/evwra.org\/wp-content\/uploads\/2023\/09\/TeslaCorsa-Celebrates-30th-Tesla-Racetrack-Event-in-California-1536x1187.jpg",1536,1187,true],"2048x2048":["https:\/\/evwra.org\/wp-content\/uploads\/2023\/09\/TeslaCorsa-Celebrates-30th-Tesla-Racetrack-Event-in-California-2048x1582.jpg",2048,1582,true],"trp-custom-language-flag":["https:\/\/evwra.org\/wp-content\/uploads\/2023\/09\/TeslaCorsa-Celebrates-30th-Tesla-Racetrack-Event-in-California.jpg",16,12,false],"newspack-article-block-landscape-large":["https:\/\/evwra.org\/wp-content\/uploads\/2023\/09\/TeslaCorsa-Celebrates-30th-Tesla-Racetrack-Event-in-California-1200x900.jpg?crop=1",1200,900,true],"newspack-article-block-portrait-large":["https:\/\/evwra.org\/wp-content\/uploads\/2023\/09\/TeslaCorsa-Celebrates-30th-Tesla-Racetrack-Event-in-California-900x1200.jpg?crop=1",900,1200,true],"newspack-article-block-square-large":["https:\/\/evwra.org\/wp-content\/uploads\/2023\/09\/TeslaCorsa-Celebrates-30th-Tesla-Racetrack-Event-in-California-1200x1200.jpg?crop=1",1200,1200,true],"newspack-article-block-landscape-medium":["https:\/\/evwra.org\/wp-content\/uploads\/2023\/09\/TeslaCorsa-Celebrates-30th-Tesla-Racetrack-Event-in-California-800x600.jpg?crop=1",800,600,true],"newspack-article-block-portrait-medium":["https:\/\/evwra.org\/wp-content\/uploads\/2023\/09\/TeslaCorsa-Celebrates-30th-Tesla-Racetrack-Event-in-California-600x800.jpg?crop=1",600,800,true],"newspack-article-block-square-medium":["https:\/\/evwra.org\/wp-content\/uploads\/2023\/09\/TeslaCorsa-Celebrates-30th-Tesla-Racetrack-Event-in-California-800x800.jpg?crop=1",800,800,true],"newspack-article-block-landscape-intermediate":["https:\/\/evwra.org\/wp-content\/uploads\/2023\/09\/TeslaCorsa-Celebrates-30th-Tesla-Racetrack-Event-in-California.jpg",582,450,false],"newspack-article-block-portrait-intermediate":["https:\/\/evwra.org\/wp-content\/uploads\/2023\/09\/TeslaCorsa-Celebrates-30th-Tesla-Racetrack-Event-in-California.jpg",450,348,false],"newspack-article-block-square-intermediate":["https:\/\/evwra.org\/wp-content\/uploads\/2023\/09\/TeslaCorsa-Celebrates-30th-Tesla-Racetrack-Event-in-California.jpg",600,464,false],"newspack-article-block-landscape-small":["https:\/\/evwra.org\/wp-content\/uploads\/2023\/09\/TeslaCorsa-Celebrates-30th-Tesla-Racetrack-Event-in-California-400x300.jpg?crop=1",400,300,true],"newspack-article-block-portrait-small":["https:\/\/evwra.org\/wp-content\/uploads\/2023\/09\/TeslaCorsa-Celebrates-30th-Tesla-Racetrack-Event-in-California-300x400.jpg?crop=1",300,400,true],"newspack-article-block-square-small":["https:\/\/evwra.org\/wp-content\/uploads\/2023\/09\/TeslaCorsa-Celebrates-30th-Tesla-Racetrack-Event-in-California-400x400.jpg?crop=1",400,400,true],"newspack-article-block-landscape-tiny":["https:\/\/evwra.org\/wp-content\/uploads\/2023\/09\/TeslaCorsa-Celebrates-30th-Tesla-Racetrack-Event-in-California-200x150.jpg?crop=1",200,150,true],"newspack-article-block-portrait-tiny":["https:\/\/evwra.org\/wp-content\/uploads\/2023\/09\/TeslaCorsa-Celebrates-30th-Tesla-Racetrack-Event-in-California-150x200.jpg?crop=1",150,200,true],"newspack-article-block-square-tiny":["https:\/\/evwra.org\/wp-content\/uploads\/2023\/09\/TeslaCorsa-Celebrates-30th-Tesla-Racetrack-Event-in-California-200x200.jpg?crop=1",200,200,true],"newspack-article-block-uncropped":["https:\/\/evwra.org\/wp-content\/uploads\/2023\/09\/TeslaCorsa-Celebrates-30th-Tesla-Racetrack-Event-in-California-1200x927.jpg",1200,927,true],"enternews-featured":["https:\/\/evwra.org\/wp-content\/uploads\/2023\/09\/TeslaCorsa-Celebrates-30th-Tesla-Racetrack-Event-in-California-1024x791.jpg",1024,791,true],"enternews-medium":["https:\/\/evwra.org\/wp-content\/uploads\/2023\/09\/TeslaCorsa-Celebrates-30th-Tesla-Racetrack-Event-in-California-720x475.jpg?crop=1",720,475,true],"enternews-thumbnail":["https:\/\/evwra.org\/wp-content\/uploads\/2023\/09\/TeslaCorsa-Celebrates-30th-Tesla-Racetrack-Event-in-California-480x315.jpg?crop=1",480,315,true],"mailpoet_newsletter_max":["https:\/\/evwra.org\/wp-content\/uploads\/2023\/09\/TeslaCorsa-Celebrates-30th-Tesla-Racetrack-Event-in-California.jpg",1320,1020,false],"tenweb_optimizer_mobile":["https:\/\/evwra.org\/wp-content\/uploads\/2023\/09\/TeslaCorsa-Celebrates-30th-Tesla-Racetrack-Event-in-California-600x464.jpg",600,464,true],"tenweb_optimizer_tablet":["https:\/\/evwra.org\/wp-content\/uploads\/2023\/09\/TeslaCorsa-Celebrates-30th-Tesla-Racetrack-Event-in-California-768x593.jpg",768,593,true]},"author_info":{"display_name":"EVHNews","author_link":"https:\/\/evwra.org\/pt\/author\/evhnews\/"},"category_info":"<a href=\"https:\/\/evwra.org\/pt\/categoria\/evwra-e-automotive\/\" rel=\"category tag\">E Racing Nation E Automotive News<\/a>","tag_info":"E Racing Nation E Automotive News","comment_count":"0","jetpack_featured_media_url":"https:\/\/evwra.org\/wp-content\/uploads\/2023\/09\/TeslaCorsa-Celebrates-30th-Tesla-Racetrack-Event-in-California.jpg","jetpack_likes_enabled":true,"jetpack_sharing_enabled":true,"jetpack_shortlink":"https:\/\/wp.me\/pepfs2-rW","jetpack-related-posts":[],"amp_enabled":true,"_links":{"self":[{"href":"https:\/\/evwra.org\/pt\/wp-json\/wp\/v2\/posts\/1732","targetHints":{"allow":["GET"]}}],"collection":[{"href":"https:\/\/evwra.org\/pt\/wp-json\/wp\/v2\/posts"}],"about":[{"href":"https:\/\/evwra.org\/pt\/wp-json\/wp\/v2\/types\/post"}],"author":[{"embeddable":true,"href":"https:\/\/evwra.org\/pt\/wp-json\/wp\/v2\/users\/165558846"}],"replies":[{"embeddable":true,"href":"https:\/\/evwra.org\/pt\/wp-json\/wp\/v2\/comments?post=1732"}],"version-history":[{"count":2,"href":"https:\/\/evwra.org\/pt\/wp-json\/wp\/v2\/posts\/1732\/revisions"}],"predecessor-version":[{"id":1739,"href":"https:\/\/evwra.org\/pt\/wp-json\/wp\/v2\/posts\/1732\/revisions\/1739"}],"wp:featuredmedia":[{"embeddable":true,"href":"https:\/\/evwra.org\/pt\/wp-json\/wp\/v2\/media\/1734"}],"wp:attachment":[{"href":"https:\/\/evwra.org\/pt\/wp-json\/wp\/v2\/media?parent=1732"}],"wp:term":[{"taxonomy":"category","embeddable":true,"href":"https:\/\/evwra.org\/pt\/wp-json\/wp\/v2\/categories?post=1732"},{"taxonomy":"post_tag","embeddable":true,"href":"https:\/\/evwra.org\/pt\/wp-json\/wp\/v2\/tags?post=1732"}],"curies":[{"name":"wp","href":"https:\/\/api.w.org\/{rel}","templated":true}]}}